{"id":951,"date":"2019-12-07T20:21:30","date_gmt":"2019-12-07T20:21:30","guid":{"rendered":"http:\/\/wintersport.news\/?p=951"},"modified":"2019-12-07T20:21:30","modified_gmt":"2019-12-07T20:21:30","slug":"norwegens-herrenstaffel-in-oestersund-nicht-zu-schlagen","status":"publish","type":"post","link":"https:\/\/wintersport.news\/en\/norwegens-herrenstaffel-in-oestersund-nicht-zu-schlagen\/","title":{"rendered":"Norwegens Herrenstaffel in \u00d6stersund nicht zu schlagen"},"content":{"rendered":"<p>Einen Norwegischen Sieg gab es beim 4 X 7,5 Km Staffelrennen der Herren in \u00d6stersund. Hier f\u00fchrte der \u00dcberflieger der letzten Saison Johannes Thingnes Boe seine Staffelkameraden Johannes Dale, Erlend Bjoentegaard und seinen Bruder Tarjei als Sieger aufs Podest, vor den Staffeln aus Frankreich und Italien auf den weiteren\u00a0Pl\u00e4tzen.<\/p>\n<div>\u00c4u\u00dferst spannend verlief dabei das Duell der beiden Schlussl\u00e4ufer Johannes Thingnes Boe f\u00fcr Norwegen und Martin Fourcade aus Frankreich, dass Johannes Thingnes Boe zu Gunsten der Staffel aus Norwegen als Sieger entscheiden konnte.<\/div>\n<div><\/div>\n<div>Ergebnisse 4 X \/,5 Km Herrenstaffel \u00d6stersund:<\/div>\n<div><\/div>\n<div>1. Norwegen \u00a0 \u00a0 \u00a01.10.30,4 Std.<\/div>\n<div>2. Frankreich \u00a0 \u00a0 + 32,3 Sek.<\/div>\n<div>3. Italien \u00a0 \u00a0 \u00a0 \u00a0 \u00a0 \u00a0 + 1.27,1 Min.<\/div>\n<div><\/div>\n<blockquote>\n<div>Das war heute eine Top-Leistung von unserem Team. Ich freue mich besondres f\u00fcr Johannes Dale, der in seinem ersten Staffeleinsatz auch seinen ersten Weltcup sieg feiern konnte:\u201c\u00a0Johannes Thingnes Boe<\/div>\n<\/blockquote>\n<div><\/div>\n<blockquote>\n<div>Ich glaube das war heute ein gelungener Einstand von mir. Ich freue mich wahnsinnig \u00fcber meinen ersten Weltcup Sieg. Danke an meine Kameraden:\u201c\u00a0Johannes Dale<\/div>\n<\/blockquote>\n<div><\/div>\n<blockquote>\n<div>Nach meiner Strafrunde bin ich erst so richtig in Fahrt gekommen, und konnte Gott sei Dank den R\u00fcckstand wieder aufholen.\u201c Quentin Fillon Maillet<\/div>\n<\/blockquote>\n<div><\/div>\n<blockquote>\n<div>Das war eine gute Leistung von uns, leider hat es nicht\u00a0zum Sieg gereicht, der zweite Platz geht jedoch in Ordnung.\u201c Martin Fourcade<\/div>\n<\/blockquote>","protected":false},"excerpt":{"rendered":"<p>Einen Norwegischen Sieg gab es beim 4 X 7,5 Km Staffelrennen der Herren in \u00d6stersund. Hier f\u00fchrte der \u00dcberflieger der letzten Saison Johannes Thingnes Boe seine Staffelkameraden Johannes Dale, Erlend Bjoentegaard und seinen Bruder Tarjei als Sieger aufs Podest, vor den Staffeln aus Frankreich und Italien auf den weiteren\u00a0Pl\u00e4tzen. \u00c4u\u00dferst spannend verlief dabei das Duell [&hellip;]<\/p>","protected":false},"author":3,"featured_media":952,"comment_status":"open","ping_status":"closed","sticky":false,"template":"","format":"standard","meta":{"footnotes":""},"categories":[3],"tags":[6],"class_list":["post-951","post","type-post","status-publish","format-standard","has-post-thumbnail","hentry","category-news","tag-biathlon"],"_links":{"self":[{"href":"https:\/\/wintersport.news\/en\/wp-json\/wp\/v2\/posts\/951","targetHints":{"allow":["GET"]}}],"collection":[{"href":"https:\/\/wintersport.news\/en\/wp-json\/wp\/v2\/posts"}],"about":[{"href":"https:\/\/wintersport.news\/en\/wp-json\/wp\/v2\/types\/post"}],"author":[{"embeddable":true,"href":"https:\/\/wintersport.news\/en\/wp-json\/wp\/v2\/users\/3"}],"replies":[{"embeddable":true,"href":"https:\/\/wintersport.news\/en\/wp-json\/wp\/v2\/comments?post=951"}],"version-history":[{"count":1,"href":"https:\/\/wintersport.news\/en\/wp-json\/wp\/v2\/posts\/951\/revisions"}],"predecessor-version":[{"id":953,"href":"https:\/\/wintersport.news\/en\/wp-json\/wp\/v2\/posts\/951\/revisions\/953"}],"wp:featuredmedia":[{"embeddable":true,"href":"https:\/\/wintersport.news\/en\/wp-json\/wp\/v2\/media\/952"}],"wp:attachment":[{"href":"https:\/\/wintersport.news\/en\/wp-json\/wp\/v2\/media?parent=951"}],"wp:term":[{"taxonomy":"category","embeddable":true,"href":"https:\/\/wintersport.news\/en\/wp-json\/wp\/v2\/categories?post=951"},{"taxonomy":"post_tag","embeddable":true,"href":"https:\/\/wintersport.news\/en\/wp-json\/wp\/v2\/tags?post=951"}],"curies":[{"name":"wp","href":"https:\/\/api.w.org\/{rel}","templated":true}]}}