{"id":677,"date":"2019-03-20T12:53:07","date_gmt":"2019-03-20T12:53:07","guid":{"rendered":"http:\/\/wintersport.news\/?p=677"},"modified":"2019-07-17T09:28:03","modified_gmt":"2019-07-17T09:28:03","slug":"sigi-heinrich-blog-chance-fuer-die-zweite-reihe","status":"publish","type":"post","link":"https:\/\/wintersport.news\/en\/sigi-heinrich-blog-chance-fuer-die-zweite-reihe\/","title":{"rendered":"Sigi Heinrich-Blog: Chance f\u00fcr die zweite Reihe"},"content":{"rendered":"<p>Die Elche, zumindest die schwedischen, habe wieder Ruhe vor uns. Die Weltmeisterschaft ist vorbei und es gilt, noch ein letztes Mal die Kr\u00e4fte zu mobilisieren. Noch drei Wettk\u00e4mpfe in vier Tagen beanspruchen am ber\u00fchmten Holmenkollen in Oslo (siehe Bild) noch einmal K\u00f6rper und Geist. F\u00fcr die M\u00e4nner gibt es dabei nicht mal einen Ruhetag, was nicht allen sonderlich gef\u00e4llt, zumal der Massenstart am kommenden Sonntag erst um 16.30 Uhr gestartet wird und alle doch noch ein wenig feiern wollen, ehe der wohlverdiente Urlaub beginnt. F\u00fcr den Kinetixx-Vorzeigeathleten Martin Fourcade gilt das nicht. Der Superstar der vergangenen Jahre, der in \u00d6stersund ohne Medaille blieb, hat zwar den Charterflug von Schweden nach Norwegen, den die Internationale Biathlon-Union (IBU) organisiert hat, angetreten, wird aber lediglich private Termine in der norwegischen Metropole wahrnehmen und keine Wettk\u00e4mpfe bestreiten. Seinem guten und wohlklingenden Ruf weit \u00fcber die Grenzen Frankreichs hinaus tut dies hingegen keinen Abbruch. Und so ist es kaum verwunderlich, dass er es als Biathlet schaffte, in das neue Wachsfigurenkabinett &#8222;Mus\u00e9e Gr\u00e9vin&#8220; in Paris aufgenommen zu werden. Er steht dort neben dem Superkicker Kylian Mbapp\u00e9 von Paris St. Germain und wird seine Figur am kommenden Montag vor gro\u00dfem Publikum und viel Presse offiziell enth\u00fcllen. Auch der Wachsfigur wird es \u00fcbrigens nie kalt werden, denn selbstverst\u00e4ndlich tr\u00e4gt auch die ewige Ausgabe von Fourcade Kinetixx-Handschuhe.<\/p>\n<p>F\u00fcr andere steht hingegen der Sport noch im Vordergrund. Vor allem Sportler aus der zweiten Reihe bekommen eine unerwartete Chance. Die Qualifikationskriterien f\u00fcr das Weltcupfinale in Oslo sehen n\u00e4mlich ein paar Belohnungen vor. So d\u00fcrfen die Besten der Juniorenweltmeisterschaften, in Norwegen schon mal die Klingen mit der grossen Elite\u00a0 kreuzen. Sofern ihr jeweiliger nationaler Verband daf\u00fcr vor allem finanziell gr\u00fcnes Licht gibt. Martin Bourgois Republique aus Frankreich hatte in diesem Fall Pech. Er war zwar der beste Junior in Orlsbie (Slowakei) darf aber nicht nach OIslo. Ekaterina Bekh aus der Ukraine hingegen kann aufgrund ihrer Resultate der Junioren-WM beim Weltcup-Finale mitmachen. Ihr Verband erteilte ihr die Genehmigung.\u00a0 Etwas gr\u00f6sser als \u00fcblich ist auch das deutsche Team, denn die zweite Reihe hat sich wacker geschlagen im IBU-Cup, der gro\u00dfen Saisonserie unter dem Weltcup. Nadine Horchler (SC-Willingen) wurde in der Gesamtwertung Zweite, Jana Hettich (SC Sch\u00f6nwald) Vierte. Das Reglement ist hier etwas kompliziert. Es sieht vor, dass ein Verband zwei Wildcards erh\u00e4lt beim Weltcup-Finale, wenn sich einige seiner\u00a0 Athleten unter den besten Zehn im IBU-Cup befinden. W\u00e4ren es mehr als zwei pro Verband, bleibt es dennoch bei zwei Pl\u00e4tzen. Allerdings sind diese Startpl\u00e4tze keine pers\u00f6nlichen Startpl\u00e4tze. Das hei\u00dft schlicht, dass der Deutsche Ski-Verband (DSV) anstelle von Nadine Horchler und Jana Hettich auch andere wie Marie Heinrich oder Luise Kummer nominieren k\u00f6nnte. Doch hier schl\u00e4gt das Gebot der Fairness durch. Der DSV belohnt die guten Leistungen von Horchler und Hettich ebenso wie jene von Lucas Fratzscher (WSV Oberhof), der Zweiter in der IBU-Gesamtwertung wurde und Philipp Horn (SV Eintracht Frankenhain), der als Zehnter den IBU-Cup beendete, wobei sowohl Fratzscher als auch Horn nicht alle Wettk\u00e4mpfe dieser Serie bestreiten konnten, das sie zwischendurch auch mal von Cheftrainer Marc Kirchner ins Weltcup-Team berufen wurden. Jetzt kehren sie also \u00fcber einen durchaus anstrengenden Umweg wieder dorthin zur\u00fcck. Alle vier Nachr\u00fccker haben dabei ein Ziel gemeinsam. Sie wollen sich im Sprint unter die besten 60 platzieren, damit sie auch noch den Verfolger in Oslo absolvieren d\u00fcrfen. Daf\u00fcr gibt es allerdings keine Ausnahmeregelungen mehr. In diesem Fall schl\u00e4gt die ganze H\u00e4rte des umfangreichen Biathlon-Reglements zu.<\/p>","protected":false},"excerpt":{"rendered":"<p>Die Elche, zumindest die schwedischen, habe wieder Ruhe vor uns. Die Weltmeisterschaft ist vorbei und es gilt, noch ein letztes Mal die Kr\u00e4fte zu mobilisieren. Noch drei Wettk\u00e4mpfe in vier Tagen beanspruchen am ber\u00fchmten Holmenkollen in Oslo (siehe Bild) noch einmal K\u00f6rper und Geist. F\u00fcr die M\u00e4nner gibt es dabei nicht mal einen Ruhetag, was [&hellip;]<\/p>","protected":false},"author":2,"featured_media":682,"comment_status":"open","ping_status":"closed","sticky":false,"template":"","format":"standard","meta":{"footnotes":""},"categories":[4,30],"tags":[6,15],"class_list":["post-677","post","type-post","status-publish","format-standard","has-post-thumbnail","hentry","category-blog","category-blog_wintersport_insights","tag-biathlon","tag-sigi-heinrich-blog"],"_links":{"self":[{"href":"https:\/\/wintersport.news\/en\/wp-json\/wp\/v2\/posts\/677","targetHints":{"allow":["GET"]}}],"collection":[{"href":"https:\/\/wintersport.news\/en\/wp-json\/wp\/v2\/posts"}],"about":[{"href":"https:\/\/wintersport.news\/en\/wp-json\/wp\/v2\/types\/post"}],"author":[{"embeddable":true,"href":"https:\/\/wintersport.news\/en\/wp-json\/wp\/v2\/users\/2"}],"replies":[{"embeddable":true,"href":"https:\/\/wintersport.news\/en\/wp-json\/wp\/v2\/comments?post=677"}],"version-history":[{"count":5,"href":"https:\/\/wintersport.news\/en\/wp-json\/wp\/v2\/posts\/677\/revisions"}],"predecessor-version":[{"id":683,"href":"https:\/\/wintersport.news\/en\/wp-json\/wp\/v2\/posts\/677\/revisions\/683"}],"wp:featuredmedia":[{"embeddable":true,"href":"https:\/\/wintersport.news\/en\/wp-json\/wp\/v2\/media\/682"}],"wp:attachment":[{"href":"https:\/\/wintersport.news\/en\/wp-json\/wp\/v2\/media?parent=677"}],"wp:term":[{"taxonomy":"category","embeddable":true,"href":"https:\/\/wintersport.news\/en\/wp-json\/wp\/v2\/categories?post=677"},{"taxonomy":"post_tag","embeddable":true,"href":"https:\/\/wintersport.news\/en\/wp-json\/wp\/v2\/tags?post=677"}],"curies":[{"name":"wp","href":"https:\/\/api.w.org\/{rel}","templated":true}]}}