{"id":518,"date":"2019-02-26T19:55:51","date_gmt":"2019-02-26T19:55:51","guid":{"rendered":"http:\/\/wintersport.news\/?p=518"},"modified":"2019-02-27T07:05:48","modified_gmt":"2019-02-27T07:05:48","slug":"wm-seefeld-2019-deutsche-skispringerinnen-fliegen-zu-wm-gold","status":"publish","type":"post","link":"https:\/\/wintersport.news\/en\/wm-seefeld-2019-deutsche-skispringerinnen-fliegen-zu-wm-gold\/","title":{"rendered":"WM Seefeld 2019: Deutsche Skispringerinnen fliegen zu WM-Gold"},"content":{"rendered":"<p>Die deutschen Skispringerinnen haben bei der WM-Premiere des Teamwettbewerbes der Frauen WM- Gold geholt. Das Deutsche Damenteam setzte sich in Seefeld vor \u00d6sterreich und Norwegen durch. Es wurde ihrer Favoritenrolle gerecht, und hat sich mit dem Sieg im ersten Teamwettbewerb einer WM im Damenspringen in den Geschichtsb\u00fcchern des Nordischen Wintersports verewigt.<\/p>\n<p>Ergebnisse Teamspringen Damen HS 109 Seefeld:<\/p>\n<ol>\n<li>Deutschland \u00a0 \u00a0 \u00a0 \u00a0898,9 Punkte<\/li>\n<li>\u00d6sterreich \u00a0 \u00a0 \u00a0 \u00a0 \u00a0 880,3 Punkte<\/li>\n<li>Norwegen \u00a0 \u00a0 \u00a0 \u00a0 \u00a0 \u00a0876,9 Punkte<\/li>\n<\/ol>\n<blockquote><p>Das war heute was f\u00fcr die Historie.Diese WM- Medaille gibt uns sicherlich gro\u00dfen Auftrieb f\u00fcr das bevorstehende Einzelspringen. Eigentlich ist der Druck jetzt von uns weg, wir wollen jedoch weiterhin gute Resultate erzielen. Ich freue mich unheimlich f\u00fcr die M\u00e4dels.\u201c Carina Vogt<\/p><\/blockquote>","protected":false},"excerpt":{"rendered":"<p>Die deutschen Skispringerinnen haben bei der WM-Premiere des Teamwettbewerbes der Frauen WM- Gold geholt. Das Deutsche Damenteam setzte sich in Seefeld vor \u00d6sterreich und Norwegen durch. Es wurde ihrer Favoritenrolle gerecht, und hat sich mit dem Sieg im ersten Teamwettbewerb einer WM im Damenspringen in den Geschichtsb\u00fcchern des Nordischen Wintersports verewigt. Ergebnisse Teamspringen Damen HS [&hellip;]<\/p>","protected":false},"author":3,"featured_media":520,"comment_status":"open","ping_status":"closed","sticky":false,"template":"","format":"standard","meta":{"footnotes":""},"categories":[3],"tags":[7,26],"class_list":["post-518","post","type-post","status-publish","format-standard","has-post-thumbnail","hentry","category-news","tag-skispringen","tag-wm-seefeld-2019"],"_links":{"self":[{"href":"https:\/\/wintersport.news\/en\/wp-json\/wp\/v2\/posts\/518","targetHints":{"allow":["GET"]}}],"collection":[{"href":"https:\/\/wintersport.news\/en\/wp-json\/wp\/v2\/posts"}],"about":[{"href":"https:\/\/wintersport.news\/en\/wp-json\/wp\/v2\/types\/post"}],"author":[{"embeddable":true,"href":"https:\/\/wintersport.news\/en\/wp-json\/wp\/v2\/users\/3"}],"replies":[{"embeddable":true,"href":"https:\/\/wintersport.news\/en\/wp-json\/wp\/v2\/comments?post=518"}],"version-history":[{"count":1,"href":"https:\/\/wintersport.news\/en\/wp-json\/wp\/v2\/posts\/518\/revisions"}],"predecessor-version":[{"id":519,"href":"https:\/\/wintersport.news\/en\/wp-json\/wp\/v2\/posts\/518\/revisions\/519"}],"wp:featuredmedia":[{"embeddable":true,"href":"https:\/\/wintersport.news\/en\/wp-json\/wp\/v2\/media\/520"}],"wp:attachment":[{"href":"https:\/\/wintersport.news\/en\/wp-json\/wp\/v2\/media?parent=518"}],"wp:term":[{"taxonomy":"category","embeddable":true,"href":"https:\/\/wintersport.news\/en\/wp-json\/wp\/v2\/categories?post=518"},{"taxonomy":"post_tag","embeddable":true,"href":"https:\/\/wintersport.news\/en\/wp-json\/wp\/v2\/tags?post=518"}],"curies":[{"name":"wp","href":"https:\/\/api.w.org\/{rel}","templated":true}]}}