{"id":4807,"date":"2024-03-08T07:38:00","date_gmt":"2024-03-08T07:38:00","guid":{"rendered":"https:\/\/wintersport.news\/?p=4807"},"modified":"2024-03-08T07:45:40","modified_gmt":"2024-03-08T07:45:40","slug":"wie-werde-ich-skifliegerin","status":"publish","type":"post","link":"https:\/\/wintersport.news\/en\/wie-werde-ich-skifliegerin\/","title":{"rendered":"Wie werde ich Skifliegerin?"},"content":{"rendered":"<div data-elementor-type=\"wp-post\" data-elementor-id=\"4807\" class=\"elementor elementor-4807\" data-elementor-post-type=\"post\">\n\t\t\t\t\t\t<section class=\"elementor-section elementor-top-section elementor-element elementor-element-24fa1a5 elementor-section-boxed elementor-section-height-default elementor-section-height-default\" data-id=\"24fa1a5\" data-element_type=\"section\">\n\t\t\t\t\t\t<div class=\"elementor-container elementor-column-gap-default\">\n\t\t\t\t\t<div class=\"elementor-column elementor-col-100 elementor-top-column elementor-element elementor-element-074d121\" data-id=\"074d121\" data-element_type=\"column\">\n\t\t\t<div class=\"elementor-widget-wrap elementor-element-populated\">\n\t\t\t\t\t\t<div class=\"elementor-element elementor-element-5c3471d elementor-widget elementor-widget-heading\" data-id=\"5c3471d\" data-element_type=\"widget\" data-widget_type=\"heading.default\">\n\t\t\t\t<div class=\"elementor-widget-container\">\n\t\t\t\t\t<h2 class=\"elementor-heading-title elementor-size-default\">Versuch einer Ann\u00e4herung an eine spektakul\u00e4re Disziplin<\/h2>\t\t\t\t<\/div>\n\t\t\t\t<\/div>\n\t\t\t\t\t<\/div>\n\t\t<\/div>\n\t\t\t\t\t<\/div>\n\t\t<\/section>\n\t\t\t\t<section class=\"elementor-section elementor-top-section elementor-element elementor-element-9b98c76 elementor-section-boxed elementor-section-height-default elementor-section-height-default\" data-id=\"9b98c76\" data-element_type=\"section\">\n\t\t\t\t\t\t<div class=\"elementor-container elementor-column-gap-default\">\n\t\t\t\t\t<div class=\"elementor-column elementor-col-100 elementor-top-column elementor-element elementor-element-46a41e9\" data-id=\"46a41e9\" data-element_type=\"column\">\n\t\t\t<div class=\"elementor-widget-wrap elementor-element-populated\">\n\t\t\t\t\t\t<div class=\"elementor-element elementor-element-9a48ddd elementor-widget elementor-widget-text-editor\" data-id=\"9a48ddd\" data-element_type=\"widget\" data-widget_type=\"text-editor.default\">\n\t\t\t\t<div class=\"elementor-widget-container\">\n\t\t\t\t\t\t\t\t\t<p>Katharina Schmid hat es nicht leicht in diesen Tagen. Denn eigentlich wartet die 27j\u00e4hrige seit einem Jahr darauf, dass es wieder losgeht in Vikersund, dem Ort, an dem sie einen ihrer letzten noch unerf\u00fcllten sportlichen Tr\u00e4ume verwirklichen will. Die Oberstdorferin m\u00f6chte n\u00e4mlich in die illustre Runde von Skispringerinnen aufgenommen werden, die \u00fcber die 200 Meter-Marke gesegelt sind. Bei der Premiere des Skifliegens f\u00fcr Frauen im letzten Winter fehlten der deutschen Rekordweltmeisterin, die damals noch unter ihrem M\u00e4dchennamen Althaus in Norwegen am Start war, gerade mal 90 Zentimeter, Schmids pers\u00f6nlicher Weitenrekord liegt also bei stolzen 198,5 Metern. Weit \u2013 aber eben nicht weit genug f\u00fcr eine Klassesportlerin mit den Anspr\u00fcchen einer Katharina Schmid.<\/p><p>Aber wie wird man eigentlich zur Weitenj\u00e4gerin? Im Falle Althaus ist die Sache relativ einfach: Katharina wuchs im Allg\u00e4u auf, hohe Berge, viel Schnee waren da garantiert und mit der Marktgemeinde Oberstdorf ums Eck gab es einen Ort, in dem die Vierschanzentournee Jahr f\u00fcr Jahr Station macht. Kein Wunder, dass es Daniel, den Bruder der sp\u00e4teren Weltklasse-Springerin da auf die Schanzen zog. Und weil die Schwester nicht nachstehen wollte, ging \u201eKatha\u201c, so Schmids Spitzname, einfach mit.<\/p><p>Der \u201eRest\u201c ist relativ leicht erkl\u00e4rt. Weil Talent, Flei\u00df und Einstellung stimmten, weil ihre Begabung erkannt und gef\u00f6rdert wurde, erklomm Fr\u00e4ulein Althaus im Nachwuchsbereich Sprosse um Sprosse, die Schanzen, von denen sie sprang wurden gr\u00f6\u00dfer und gr\u00f6\u00dfer und sp\u00e4testens als ihr mit gerade mal 18 Jahren bei der WM in Falun mit Gold im Mixed-Team-Wettbewerb bei den Erwachsenen der internationale Durchbruch gelang, war die Entwicklung nicht mehr zu stoppen. Inzwischen hat Althaus sieben WM-Titel eingesammelt, dazu zwei Olympische Silbermedaillen und jede Menge Weltcupsiege. Was fehlt ist der \u201e200er\u201c-<\/p><p>Maren Lundby aus Norwegen ging einen \u00e4hnlichen Weg. Zwei Jahre \u00e4lter als Schmid und schon als kleines Kind auf Schanzen unterwegs \u2013 was in Norwegen nicht au\u00dfergew\u00f6hnlich ist \u2013 wurde ihr Talent fr\u00fch erkannt. Lundby startete schon bei der WM-Premiere der Skispringerinnen 2009 im tschechischen Liberec, belegte zwar nur Platz 26, darf aber f\u00fcr sich in Anspruch nehmen, erste WM-Springerin gewesen zu sein, denn Lundby hatte Startnummer 1.\u00a0 Auch bei ihr lie\u00dfen die Erfolge nicht auf sich warten. Zu den gr\u00f6\u00dften geh\u00f6ren der Olympiasieg in Pyeongchang 2018, die WM-Titel von Seefeld 2019 und Oberstdorf, aber eben auch Platz 2 im Mixed-Team 2015, jenem Wettbewerb, den Althaus und ihre drei Mitstreiter gewannen. Sp\u00e4testens da spannte sich zwischen den beiden Sportlerinnen ein unsichtbares Band. Denn sowohl die Deutsche, als auch die junge Frau aus Norwegen k\u00e4mpften zwar auf der Schanze im Wettkampf gegeneinander \u2013 ansonsten aber gemeinsam f\u00fcr die Gleichbehandlung von Skispringerinnen und Skispringern. Und deshalb auch daf\u00fcr, dass das Skifliegen f\u00fcr Frauen Teil des Weltcup-Programms wird.<\/p><p>Im Vorjahr testete der Weltskiverband FIS, was m\u00f6glich ist, lud die Besten zu einem Fliegen nach Vikersund ein. Althaus erreichte da die omin\u00f6sen 198,5 Meter. Maren Lundby hatte mehr Gl\u00fcck und Erfolg: Ihre 216,5 Meter bedeuteten norwegischen Rekord und die endg\u00fcltige Aufnahme in die hall of fame des Frauenskispringens. Inzwischen hat die inzwischen 29j\u00e4hrige ihre aktive Laufbahn beendet, spektakul\u00e4r \u2013 wie sich das f\u00fcr eine Lundby geh\u00f6rt \u2013 mitten in der Saison. Schmid springt dagegen weiter. Wie lange noch, das wird sich zeigen. M\u00f6glicherweise w\u00e4re ein Satz \u00fcber 200 Meter in Vikersund ein Grund mehr, mit dem Leistungssport aufzuh\u00f6ren. Erreicht haben beide Fliegerinnen (fast) alles. Bei Katharina Schmid fehlen eventuell 90 Zentimeter, aber wenn es damit nicht klappen sollte, w\u00fcrde das der gl\u00e4nzenden Laufbahn der Oberstdorferin auch keinen Abbruch mehr tun.<\/p><p>Pictures: K. Voigt Fotografie<\/p>\t\t\t\t\t\t\t\t<\/div>\n\t\t\t\t<\/div>\n\t\t\t\t\t<\/div>\n\t\t<\/div>\n\t\t\t\t\t<\/div>\n\t\t<\/section>\n\t\t\t\t<\/div>","protected":false},"excerpt":{"rendered":"<p>Versuch einer Ann\u00e4herung an eine spektakul\u00e4re Disziplin Katharina Schmid hat es nicht leicht in diesen Tagen. Denn eigentlich wartet die 27j\u00e4hrige seit einem Jahr darauf, dass es wieder losgeht in Vikersund, dem Ort, an dem sie einen ihrer letzten noch unerf\u00fcllten sportlichen Tr\u00e4ume verwirklichen will. Die Oberstdorferin m\u00f6chte n\u00e4mlich in die illustre Runde von Skispringerinnen [&hellip;]<\/p>","protected":false},"author":3,"featured_media":4812,"comment_status":"open","ping_status":"closed","sticky":false,"template":"","format":"standard","meta":{"footnotes":""},"categories":[4,30,1],"tags":[],"class_list":["post-4807","post","type-post","status-publish","format-standard","has-post-thumbnail","hentry","category-blog","category-blog_wintersport_insights","category-wintersportnews"],"_links":{"self":[{"href":"https:\/\/wintersport.news\/en\/wp-json\/wp\/v2\/posts\/4807","targetHints":{"allow":["GET"]}}],"collection":[{"href":"https:\/\/wintersport.news\/en\/wp-json\/wp\/v2\/posts"}],"about":[{"href":"https:\/\/wintersport.news\/en\/wp-json\/wp\/v2\/types\/post"}],"author":[{"embeddable":true,"href":"https:\/\/wintersport.news\/en\/wp-json\/wp\/v2\/users\/3"}],"replies":[{"embeddable":true,"href":"https:\/\/wintersport.news\/en\/wp-json\/wp\/v2\/comments?post=4807"}],"version-history":[{"count":8,"href":"https:\/\/wintersport.news\/en\/wp-json\/wp\/v2\/posts\/4807\/revisions"}],"predecessor-version":[{"id":4816,"href":"https:\/\/wintersport.news\/en\/wp-json\/wp\/v2\/posts\/4807\/revisions\/4816"}],"wp:featuredmedia":[{"embeddable":true,"href":"https:\/\/wintersport.news\/en\/wp-json\/wp\/v2\/media\/4812"}],"wp:attachment":[{"href":"https:\/\/wintersport.news\/en\/wp-json\/wp\/v2\/media?parent=4807"}],"wp:term":[{"taxonomy":"category","embeddable":true,"href":"https:\/\/wintersport.news\/en\/wp-json\/wp\/v2\/categories?post=4807"},{"taxonomy":"post_tag","embeddable":true,"href":"https:\/\/wintersport.news\/en\/wp-json\/wp\/v2\/tags?post=4807"}],"curies":[{"name":"wp","href":"https:\/\/api.w.org\/{rel}","templated":true}]}}