{"id":4300,"date":"2023-02-02T14:14:09","date_gmt":"2023-02-02T14:14:09","guid":{"rendered":"https:\/\/wintersport.news\/?p=4300"},"modified":"2023-02-02T14:47:43","modified_gmt":"2023-02-02T14:47:43","slug":"eroeffnung-als-vorlaeufiger-endpunkt","status":"publish","type":"post","link":"https:\/\/wintersport.news\/en\/eroeffnung-als-vorlaeufiger-endpunkt\/","title":{"rendered":"Er\u00f6ffnung als (vorl\u00e4ufiger) Endpunkt"},"content":{"rendered":"<div data-elementor-type=\"wp-post\" data-elementor-id=\"4300\" class=\"elementor elementor-4300\" data-elementor-post-type=\"post\">\n\t\t\t\t\t\t<section class=\"elementor-section elementor-top-section elementor-element elementor-element-56b1b9a1 elementor-section-boxed elementor-section-height-default elementor-section-height-default\" data-id=\"56b1b9a1\" data-element_type=\"section\">\n\t\t\t\t\t\t<div class=\"elementor-container elementor-column-gap-default\">\n\t\t\t\t\t<div class=\"elementor-column elementor-col-100 elementor-top-column elementor-element elementor-element-37212f48\" data-id=\"37212f48\" data-element_type=\"column\">\n\t\t\t<div class=\"elementor-widget-wrap elementor-element-populated\">\n\t\t\t\t\t\t<div class=\"elementor-element elementor-element-3f835c37 elementor-widget elementor-widget-text-editor\" data-id=\"3f835c37\" data-element_type=\"widget\" data-widget_type=\"text-editor.default\">\n\t\t\t\t<div class=\"elementor-widget-container\">\n\t\t\t\t\t\t\t\t\t\n<p><strong>Oberhofs steiniger Weg zur Biathlon-WM 2023<\/strong><\/p>\n\t\t\t\t\t\t\t\t<\/div>\n\t\t\t\t<\/div>\n\t\t\t\t\t<\/div>\n\t\t<\/div>\n\t\t\t\t\t<\/div>\n\t\t<\/section>\n\t\t\t\t<section class=\"elementor-section elementor-top-section elementor-element elementor-element-901d9fb elementor-section-boxed elementor-section-height-default elementor-section-height-default\" data-id=\"901d9fb\" data-element_type=\"section\">\n\t\t\t\t\t\t<div class=\"elementor-container elementor-column-gap-default\">\n\t\t\t\t\t<div class=\"elementor-column elementor-col-100 elementor-top-column elementor-element elementor-element-17428af\" data-id=\"17428af\" data-element_type=\"column\">\n\t\t\t<div class=\"elementor-widget-wrap elementor-element-populated\">\n\t\t\t\t\t\t<div class=\"elementor-element elementor-element-9b78f5a elementor-widget elementor-widget-text-editor\" data-id=\"9b78f5a\" data-element_type=\"widget\" data-widget_type=\"text-editor.default\">\n\t\t\t\t<div class=\"elementor-widget-container\">\n\t\t\t\t\t\t\t\t\t<p>Wenn am 8. Februar die Biathlon-Weltmeisterschaft in Oberhof feierlich er\u00f6ffnet wird, dann ist das f\u00fcr die vielen flei\u00dfigen Frauen und M\u00e4nner, die seit fast einem Jahrzehnt an der Vorbereitung der Titelk\u00e4mpfe gewerkelt haben, ein H\u00f6hepunkt. Und ein vorl\u00e4ufiger Endpunkt.<\/p>\n<p>Zu Ende ist die WM dann nat\u00fcrlich noch lange nicht und die Arbeit ist auch dann nicht vorbei, wenn sich Mannschaften, Trainer, Fans und Funktion\u00e4re am 19. Februar nach dem letzten Wettkampf aus Th\u00fcringen verabschieden. Aber die Er\u00f6ffnung l\u00e4sst die Organisatoren garantiert kurz innehalten. Denn wenn die Wettbewerbe laufen, ist ein wesentlicher Teil eines langen und oft beschwerlichen Weges erfolgreich gemeistert.<\/p>\n<p>Die Keimzelle dieser WM, die ist schon etwas \u00e4lter, n\u00e4mlich 40 Jahre. Damals er\u00f6ffnete man in Oberhof ein Biathlon-Stadion. Gebaut auf staatliche Anweisung, mit Hilfe der Armee. Die Arena war zun\u00e4chst nicht zwingend auf gro\u00dfen Zuschauerzuspruch ausgerichtet, auch nur bedingt fernsehtauglich. Aber weil die ostdeutschen Athleten, allen voran Lokalmatador Frank Ullrich, \u00e4u\u00dferst erfolgreich waren, weil sich in den 80er Jahren der Weltcup als Wettkampfserie etablierte und weil die Stadt schon seit langer Zeit ein touristisches Zentrum darstellte, verschmolzen von Anbeginn zwei Komponenten zu einer Einheit und Oberhof entwickelte sich zu einer Art Biathlon-Kultst\u00e4tte. Die Fans standen nicht nur auf den R\u00e4ngen im Stadion, sie standen auch im Wald, oftmals war die Strecke schwarz vor Menschen. Hinzu kam die anspruchsvolle Strecke, die mit Birxsteig und Wolfsschlucht den Sportlern alles abverlangte.<\/p>\n<p>So entwickelte sich der Ort in der N\u00e4he des Rennsteigs zu einer festen Gr\u00f6\u00dfe im Weltcupkalenderund wurde von den Aktiven geliebt, weil die Atmosph\u00e4re auf den R\u00e4ngen ihresgleichen suchte. Um die Jahrtausendwende sprach man in der Szene von den \u201egro\u00dfen Drei\u201c, gemeint waren die drei Weltcuporte, die in sch\u00f6ner Regelm\u00e4\u00dfigkeit zu Beginn des Kalenderjahres ausgetragen wurden. Oberhof machte den Anfang, es folgten Ruhpolding und Antholz. Phasenweise richteten die drei Orte sogar einen kleinen Wettbewerb innerhalb des Weltcups aus, ORA-Trophy nannte man die Mini-Serie, benannt nach den Anfangsbuchstaben der Austragungsorte.<\/p>\n<p>\u00a0<\/p>\t\t\t\t\t\t\t\t<\/div>\n\t\t\t\t<\/div>\n\t\t\t\t\t<\/div>\n\t\t<\/div>\n\t\t\t\t\t<\/div>\n\t\t<\/section>\n\t\t\t\t<section class=\"elementor-section elementor-top-section elementor-element elementor-element-d095c8e elementor-section-boxed elementor-section-height-default elementor-section-height-default\" data-id=\"d095c8e\" data-element_type=\"section\">\n\t\t\t\t\t\t<div class=\"elementor-container elementor-column-gap-default\">\n\t\t\t\t\t<div class=\"elementor-column elementor-col-100 elementor-top-column elementor-element elementor-element-ae68e12\" data-id=\"ae68e12\" data-element_type=\"column\">\n\t\t\t<div class=\"elementor-widget-wrap elementor-element-populated\">\n\t\t\t\t\t\t<div class=\"elementor-element elementor-element-6d94773 elementor-widget elementor-widget-image\" data-id=\"6d94773\" data-element_type=\"widget\" data-widget_type=\"image.default\">\n\t\t\t\t<div class=\"elementor-widget-container\">\n\t\t\t\t\t\t\t\t\t\t\t\t\t\t\t<img fetchpriority=\"high\" decoding=\"async\" width=\"800\" height=\"527\" src=\"https:\/\/wintersport.news\/wp-content\/uploads\/2023\/02\/Wintersport-News-Titelbilder11-1024x674.png\" class=\"attachment-large size-large wp-image-4314\" alt=\"\" srcset=\"https:\/\/wintersport.news\/wp-content\/uploads\/2023\/02\/Wintersport-News-Titelbilder11-1024x674.png 1024w, https:\/\/wintersport.news\/wp-content\/uploads\/2023\/02\/Wintersport-News-Titelbilder11-300x197.png 300w, https:\/\/wintersport.news\/wp-content\/uploads\/2023\/02\/Wintersport-News-Titelbilder11-150x99.png 150w, https:\/\/wintersport.news\/wp-content\/uploads\/2023\/02\/Wintersport-News-Titelbilder11-768x505.png 768w, https:\/\/wintersport.news\/wp-content\/uploads\/2023\/02\/Wintersport-News-Titelbilder11-16x12.png 16w, https:\/\/wintersport.news\/wp-content\/uploads\/2023\/02\/Wintersport-News-Titelbilder11.png 1090w\" sizes=\"(max-width: 800px) 100vw, 800px\" \/>\t\t\t\t\t\t\t\t\t\t\t\t\t\t\t<\/div>\n\t\t\t\t<\/div>\n\t\t\t\t\t<\/div>\n\t\t<\/div>\n\t\t\t\t\t<\/div>\n\t\t<\/section>\n\t\t\t\t<section class=\"elementor-section elementor-top-section elementor-element elementor-element-2eb20d4 elementor-section-boxed elementor-section-height-default elementor-section-height-default\" data-id=\"2eb20d4\" data-element_type=\"section\">\n\t\t\t\t\t\t<div class=\"elementor-container elementor-column-gap-default\">\n\t\t\t\t\t<div class=\"elementor-column elementor-col-100 elementor-top-column elementor-element elementor-element-60b0725\" data-id=\"60b0725\" data-element_type=\"column\">\n\t\t\t<div class=\"elementor-widget-wrap elementor-element-populated\">\n\t\t\t\t\t\t<div class=\"elementor-element elementor-element-8e9bec6 elementor-widget elementor-widget-text-editor\" data-id=\"8e9bec6\" data-element_type=\"widget\" data-widget_type=\"text-editor.default\">\n\t\t\t\t<div class=\"elementor-widget-container\">\n\t\t\t\t\t\t\t\t\t<p>Es war fast folgerichtig, dass die Th\u00fcringer 2004 eine WM austragen durften. Als vierter deutscher Veranstalter. Garmisch und das s\u00e4chsische Altenberg hatten einst Titelk\u00e4mpfe ausgerichtet, Ruhpolding war zu dieser Zeit schon zwei Mal Gastgeber gewesen. F\u00fcr die WM wurde in Th\u00fcringen viel gebaut, das Stadion wurde zur Rennsteig-Arena, auch rund um die Sportst\u00e4tte gab es Ver\u00e4nderungen. Es zeigten sich aber auch die Grenzen der M\u00f6glichkeiten. Nicht alle W\u00fcnsche gingen in Erf\u00fcllung, einige Provisorien blieben.<\/p>\n<p>Die WM wurde ein Riesenerfolg, auch wenn das Wetter nicht an jedem Wettkampftag mitspielte. Daf\u00fcr feierten die Fans eine Dauerparty und weil am Ende mit Lokalmatador Frank Luck der Senior im DSV-Team auch noch mit Staffelgold seine Karriere kr\u00f6nte und zugleich beendete, blieben diese Welttitelk\u00e4mpfe vielen Zuschauern noch lange in Erinnerung.<\/p>\n<p>Es folgten weitere Weltcups, es folgte aber auch eine Entwicklung, die nicht f\u00fcr die Deutschen sprach. Denn andere L\u00e4nder r\u00fcsteten auf, die Russen oder die Tschechen mit Nove Mesto beispielsweise. Und bei den Th\u00fcringern bekamen die Provisorien mehr Beachtung. Es fehlten Schneedepots und Unterk\u00fcnfte, die Umkleidekabinen waren nach wie vor Container und es mangelte an Platz f\u00fcr die Wachstrucks und die TV-\u00dcbertragungstechnik. Die Anlieferung f\u00fchrte in sch\u00f6ner Regelm\u00e4\u00dfigkeit zu langen Wartezeiten. Am schlimmsten aber war die Tatsache, dass die Absicherung der Wettk\u00e4mpfe immer komplizierter wurde, weil der Schnee nicht ausreichend fiel. Oberhof liegt 815 Meter hoch, nicht schneesicher genug in Zeiten des Klimawandels. Die in unmittelbarer N\u00e4he des Stadions gebaute Skiarena konnte da nur partiell f\u00fcr Abhilfe sorgen \u2013 wichtig zwar, aber nicht ausreichend. Und so erlebte Oberhof auch einen Tiefpunkt, weil die Gastgeber 2016 wegen Schneemangels den Weltcup absagen musste, stattdessen ging es zwei Wochen hintereinander in Ruhpolding zur Sache.<\/p>\n<p>Kein Wunder, dass die erste Bewerbung der Stadt um die WM-Ausrichtung in ebenjenem Jahr keinen Zuspruch fand. Daf\u00fcr aber der zweite Anlauf 2018. Oberhof bekam die WM 2023 und es begann eine Phase, die alle Beteiligten im Nachgang sicherlich freundlich als \u201eschwierig\u201c umschreiben werden. Denn es mussten gewaltige Ver\u00e4nderungen vorgenommen werden, um die Anforderungen des Weltverbandes IBU in Einklang zu bringen mit den W\u00fcnschen nach Nachhaltigkeit, Sparsamkeit, Effizienz und Naturschutz.<\/p>\n<p>Dass dieser Spagat gelang, das verdanken die Oberhofer ihren r\u00fchrigen Organisatoren um den aktuellen OK-Chef Thomas Grellmann, den F\u00f6rderungen vom Bund und dem Land Th\u00fcringen, der Kompromissbereitschaft vieler Akteure. Es konnte ein R\u00fcckhaltebecken ins Naturschutzgebiet integriert werden, nach dem bereits zuvor errichteten Funktionsgeb\u00e4ude sind nun auch andere Bauten entstanden, die Wettkampfstrecke wurden ver\u00e4ndert. Es wurden Stra\u00dfen verbreitert, die Mannschaften erhalten jetzt mehr M\u00f6glichkeiten, Medienschaffende ebenfalls. Und auch ein neu errichtetes F\u00fcnf-Sterne-Hotel im Ortskern sorgt in Sachen Unterbringung f\u00fcr Entspannung. Und man sorgte auch bei Umweltsch\u00fctzern f\u00fcr Aufmerksamkeit, weil die Abw\u00e4rme aus der Skihalle jetzt als Heizung f\u00fcr andere Objekte genutzt wird. Weil man auch die Zuschauerkapazit\u00e4ten in der Arena erweiterte \u2013 sie bietet jetzt 25.000 Menschen im Stadion Platz, dazu gibt es 13.000 M\u00f6glichkeiten an der Strecke. In diesem Winter rechnen die Organisatoren mit 160.000 bis 180.000 Zuschauern bei der WM.<\/p>\n<p>\u00a0<\/p>\t\t\t\t\t\t\t\t<\/div>\n\t\t\t\t<\/div>\n\t\t\t\t\t<\/div>\n\t\t<\/div>\n\t\t\t\t\t<\/div>\n\t\t<\/section>\n\t\t\t\t<section class=\"elementor-section elementor-top-section elementor-element elementor-element-e64e7a9 elementor-section-boxed elementor-section-height-default elementor-section-height-default\" data-id=\"e64e7a9\" data-element_type=\"section\">\n\t\t\t\t\t\t<div class=\"elementor-container elementor-column-gap-default\">\n\t\t\t\t\t<div class=\"elementor-column elementor-col-100 elementor-top-column elementor-element elementor-element-bf3d15d\" data-id=\"bf3d15d\" data-element_type=\"column\">\n\t\t\t<div class=\"elementor-widget-wrap elementor-element-populated\">\n\t\t\t\t\t\t<div class=\"elementor-element elementor-element-8c19a36 elementor-widget elementor-widget-image\" data-id=\"8c19a36\" data-element_type=\"widget\" data-widget_type=\"image.default\">\n\t\t\t\t<div class=\"elementor-widget-container\">\n\t\t\t\t\t\t\t\t\t\t\t\t\t\t\t<img decoding=\"async\" width=\"800\" height=\"527\" src=\"https:\/\/wintersport.news\/wp-content\/uploads\/2023\/02\/Wintersport-News-Titelbilder12-1024x674.png\" class=\"attachment-large size-large wp-image-4313\" alt=\"\" srcset=\"https:\/\/wintersport.news\/wp-content\/uploads\/2023\/02\/Wintersport-News-Titelbilder12-1024x674.png 1024w, https:\/\/wintersport.news\/wp-content\/uploads\/2023\/02\/Wintersport-News-Titelbilder12-300x197.png 300w, https:\/\/wintersport.news\/wp-content\/uploads\/2023\/02\/Wintersport-News-Titelbilder12-150x99.png 150w, https:\/\/wintersport.news\/wp-content\/uploads\/2023\/02\/Wintersport-News-Titelbilder12-768x505.png 768w, https:\/\/wintersport.news\/wp-content\/uploads\/2023\/02\/Wintersport-News-Titelbilder12-16x12.png 16w, https:\/\/wintersport.news\/wp-content\/uploads\/2023\/02\/Wintersport-News-Titelbilder12.png 1090w\" sizes=\"(max-width: 800px) 100vw, 800px\" \/>\t\t\t\t\t\t\t\t\t\t\t\t\t\t\t<\/div>\n\t\t\t\t<\/div>\n\t\t\t\t\t<\/div>\n\t\t<\/div>\n\t\t\t\t\t<\/div>\n\t\t<\/section>\n\t\t\t\t<section class=\"elementor-section elementor-top-section elementor-element elementor-element-c6d476b elementor-section-boxed elementor-section-height-default elementor-section-height-default\" data-id=\"c6d476b\" data-element_type=\"section\">\n\t\t\t\t\t\t<div class=\"elementor-container elementor-column-gap-default\">\n\t\t\t\t\t<div class=\"elementor-column elementor-col-100 elementor-top-column elementor-element elementor-element-0cb874a\" data-id=\"0cb874a\" data-element_type=\"column\">\n\t\t\t<div class=\"elementor-widget-wrap elementor-element-populated\">\n\t\t\t\t\t\t<div class=\"elementor-element elementor-element-e2bc5a0 elementor-widget elementor-widget-text-editor\" data-id=\"e2bc5a0\" data-element_type=\"widget\" data-widget_type=\"text-editor.default\">\n\t\t\t\t<div class=\"elementor-widget-container\">\n\t\t\t\t\t\t\t\t\t<p>Das w\u00e4re auch bitter n\u00f6tig. Weltmeisterschaften sind auch Wirtschaftsfaktoren, von denen Oberhof, das Umland, ja ganz Th\u00fcringen profitieren. Sei es in der Gastronomie, der Hotellerie, oder im Einzelhandel. Vom Bekanntheitsgrad des Ortes ganz zu schweigen. Oberhof ist laut einer Statistik nach Weimar und der Landeshauptstadt Erfurt Th\u00fcringens Nummer drei im Ranking der G\u00e4steliste. Reichlich 1.500 Einwohner z\u00e4hlt das St\u00e4dtchen, registrierte aber zuletzt 426.000 \u00dcbernachtungen j\u00e4hrlich.<\/p>\n<p>Das war vor Corona. Jetzt fragen sich alle: Was kommt nach der Pandemie? Gleich zwei Weltcups mussten die Oberhofer ohne Publikum austragen, auch hier halfen Freistaat, Verband und\u00a0 Bund beim Abmildern der Folgen dieses Minusgesch\u00e4ftes. In Sachen Organisation des Transports springen die Gastgeber bei der WM also ins kalte Wasser, denn \u00dcben konnten sie in den letzten beiden Jahren nicht. Abgesehen davon, dass die Stra\u00dfe hin zum Grenzadler erst in den letzten Monaten saniert wurde.<\/p>\n<p>Einen Test gibt es trotzdem, wobei sich das Wort \u201eTest\u201c in diesem Zusammenhang fast verbietet. Oberhof ist anno 2023 n\u00e4mlich Austragungsort einer Doppel-WM. Vor den Biathletinnen und Biathleten wird auf dem Kamm Th\u00fcringens n\u00e4mlich um WM-Medaillen gerodelt. Auch hier hat man keine Kosten und M\u00fchen gescheut, Millionen in die Erneuerung der Bahn gesteckt, das Umfeld ver\u00e4ndert. Die Rennschlittenbahn liegt auf dem Weg zur Ski-Arena. Eine sch\u00f6ne Symbiose. Eines allerdings haben Rennrodlerinnen und Rennrodler als Alleinstellungsmerkmal. Deutlich mehr Geschichte. Die erste WM im Eiskanal gab es in Oberhof n\u00e4mlich schon 1931. Und auch als die inzwischen renovierte Bahn eingeweiht wurde, rodelte man um WM-Gold, -Silber und -Bronze. Das war 1973, da war an ein Biathlonstadion in Rufweite noch nicht zu denken.<\/p>\n<p>\u00a0<\/p>\n<p>Fotos: K.Voigt Fotografie<\/p>\t\t\t\t\t\t\t\t<\/div>\n\t\t\t\t<\/div>\n\t\t\t\t\t<\/div>\n\t\t<\/div>\n\t\t\t\t\t<\/div>\n\t\t<\/section>\n\t\t\t\t<\/div>","protected":false},"excerpt":{"rendered":"<p>Oberhofs steiniger Weg zur Biathlon-WM 2023 Wenn am 8. Februar die Biathlon-Weltmeisterschaft in Oberhof feierlich er\u00f6ffnet wird, dann ist das f\u00fcr die vielen flei\u00dfigen Frauen und M\u00e4nner, die seit fast einem Jahrzehnt an der Vorbereitung der Titelk\u00e4mpfe gewerkelt haben, ein H\u00f6hepunkt. Und ein vorl\u00e4ufiger Endpunkt. Zu Ende ist die WM dann nat\u00fcrlich noch lange nicht [&hellip;]<\/p>","protected":false},"author":3,"featured_media":4315,"comment_status":"open","ping_status":"closed","sticky":false,"template":"","format":"standard","meta":{"footnotes":""},"categories":[4,30],"tags":[],"class_list":["post-4300","post","type-post","status-publish","format-standard","has-post-thumbnail","hentry","category-blog","category-blog_wintersport_insights"],"_links":{"self":[{"href":"https:\/\/wintersport.news\/en\/wp-json\/wp\/v2\/posts\/4300","targetHints":{"allow":["GET"]}}],"collection":[{"href":"https:\/\/wintersport.news\/en\/wp-json\/wp\/v2\/posts"}],"about":[{"href":"https:\/\/wintersport.news\/en\/wp-json\/wp\/v2\/types\/post"}],"author":[{"embeddable":true,"href":"https:\/\/wintersport.news\/en\/wp-json\/wp\/v2\/users\/3"}],"replies":[{"embeddable":true,"href":"https:\/\/wintersport.news\/en\/wp-json\/wp\/v2\/comments?post=4300"}],"version-history":[{"count":14,"href":"https:\/\/wintersport.news\/en\/wp-json\/wp\/v2\/posts\/4300\/revisions"}],"predecessor-version":[{"id":4319,"href":"https:\/\/wintersport.news\/en\/wp-json\/wp\/v2\/posts\/4300\/revisions\/4319"}],"wp:featuredmedia":[{"embeddable":true,"href":"https:\/\/wintersport.news\/en\/wp-json\/wp\/v2\/media\/4315"}],"wp:attachment":[{"href":"https:\/\/wintersport.news\/en\/wp-json\/wp\/v2\/media?parent=4300"}],"wp:term":[{"taxonomy":"category","embeddable":true,"href":"https:\/\/wintersport.news\/en\/wp-json\/wp\/v2\/categories?post=4300"},{"taxonomy":"post_tag","embeddable":true,"href":"https:\/\/wintersport.news\/en\/wp-json\/wp\/v2\/tags?post=4300"}],"curies":[{"name":"wp","href":"https:\/\/api.w.org\/{rel}","templated":true}]}}