{"id":4154,"date":"2022-12-14T09:05:21","date_gmt":"2022-12-14T09:05:21","guid":{"rendered":"https:\/\/wintersport.news\/?p=4154"},"modified":"2022-12-21T08:07:45","modified_gmt":"2022-12-21T08:07:45","slug":"good-to-knowvetle-christiansen","status":"publish","type":"post","link":"https:\/\/wintersport.news\/en\/good-to-knowvetle-christiansen\/","title":{"rendered":"Good to know: Vetle Christiansen"},"content":{"rendered":"<div data-elementor-type=\"wp-post\" data-elementor-id=\"4154\" class=\"elementor elementor-4154\" data-elementor-post-type=\"post\">\n\t\t\t\t\t\t<section class=\"elementor-section elementor-top-section elementor-element elementor-element-dad07ba elementor-section-boxed elementor-section-height-default elementor-section-height-default\" data-id=\"dad07ba\" data-element_type=\"section\">\n\t\t\t\t\t\t<div class=\"elementor-container elementor-column-gap-default\">\n\t\t\t\t\t<div class=\"elementor-column elementor-col-100 elementor-top-column elementor-element elementor-element-18c7ef6\" data-id=\"18c7ef6\" data-element_type=\"column\">\n\t\t\t<div class=\"elementor-widget-wrap elementor-element-populated\">\n\t\t\t\t\t\t<div class=\"elementor-element elementor-element-499514d elementor-widget elementor-widget-text-editor\" data-id=\"499514d\" data-element_type=\"widget\" data-widget_type=\"text-editor.default\">\n\t\t\t\t<div class=\"elementor-widget-container\">\n\t\t\t\t\t\t\t\t\t<p>The Norwegian biathlete Vetle Christiansen has long arrived at the top of the world, he always shows top performances and collects great results. But for this year his big goal is the big crystal globe, he told us in the interview and also how it all started with the biathlon sport. <\/p>\t\t\t\t\t\t\t\t<\/div>\n\t\t\t\t<\/div>\n\t\t\t\t\t<\/div>\n\t\t<\/div>\n\t\t\t\t\t<\/div>\n\t\t<\/section>\n\t\t\t\t<section class=\"elementor-section elementor-top-section elementor-element elementor-element-f9d7dbc elementor-section-boxed elementor-section-height-default elementor-section-height-default\" data-id=\"f9d7dbc\" data-element_type=\"section\">\n\t\t\t\t\t\t<div class=\"elementor-container elementor-column-gap-default\">\n\t\t\t\t\t<div class=\"elementor-column elementor-col-100 elementor-top-column elementor-element elementor-element-cb48da4\" data-id=\"cb48da4\" data-element_type=\"column\">\n\t\t\t<div class=\"elementor-widget-wrap elementor-element-populated\">\n\t\t\t\t\t\t<div class=\"elementor-element elementor-element-9db2b12 elementor-widget elementor-widget-text-editor\" data-id=\"9db2b12\" data-element_type=\"widget\" data-widget_type=\"text-editor.default\">\n\t\t\t\t<div class=\"elementor-widget-container\">\n\t\t\t\t\t\t\t\t\t<p><strong>How did you start with biathlon, did you do any other sports before that?<\/strong><\/p><p>Yes, actually I was an alpine skier, my father was responsible for an alpine ski center in Norway. That's why I originally started with alpine skiing and then once I was with a friend from school who did biathlon, at home. Because my parents worked all day, so I had to join what he was doing and we went to training. We were eight or nine years old. And for an eight-year-old, of course, shooting is super fun. Then I didn't look back and quitt the alpine skiing (I wasn't that good at it either \ud83d\ude0a) and started biathlon, I just liked shooting better. So when I was eight years old I pulled the trigger on the gun for the first time and it was great fun for me, especially because here in Norway you shoot with the real caliber right away and not with a air gun.<\/p><p><strong>And do you still go skiing sometimes now?<\/strong><\/p><p>Yes, of course, as often as I can. I just do it for me for fun and I really enjoy it. I think my body is also made a bit better for alpine skiing than for cross-country skiing. That's why I always try to ski a lot in the spring around Easter and it's even a little more fun than cross-country skiing, but we don't tell that to the coaches \ud83d\ude09<\/p><p><strong>What are your goal for the next season?<br \/><\/strong><\/p><p>I think my goal is to compete for the big crystal globe. I think my best chance for this goal is this winter, after the Olympics some other athletes are maybe still a bit saturated from their success in Beijing and haven't trained quite as hard in the summer as the other years. The Norwegian team has done a good job and I know that the other guys from the team are also fighting for this goal and of course some French, Swedish and German guys. But the situation this year that Oberhof is not my favorite World Cup venue because of the track, because of the steep part right at the beginning of the track and that it doesn't count to the overall because of the World Championships, but right in January the races in Pokljuka, that suits me very well. That's why I think that if I have a chance to be at the top, then it will be this season and I will do my best for it.<\/p><p>\u00a0<\/p><p>Fotos: K.Voigt<\/p>\t\t\t\t\t\t\t\t<\/div>\n\t\t\t\t<\/div>\n\t\t\t\t\t<\/div>\n\t\t<\/div>\n\t\t\t\t\t<\/div>\n\t\t<\/section>\n\t\t\t\t<\/div>","protected":false},"excerpt":{"rendered":"<p>Der norwegische Biathlet Vetle Christiansen ist schon l\u00e4nger in der Weltspitze angekommen, immer wieder zeigt er top Leistungen und sammelt super Ergebnisse. Aber f\u00fcr dieses Jahr ist sein gro\u00dfes Ziel die gro\u00dfe Kristallkugel, davon hat er uns im Interview erz\u00e4hlt und auch wie es \u00fcberhaupt alles angefangen hat mit dem Biathlon Sport. Wann hast du [&hellip;]<\/p>","protected":false},"author":3,"featured_media":4158,"comment_status":"open","ping_status":"closed","sticky":false,"template":"","format":"standard","meta":{"footnotes":""},"categories":[4,30],"tags":[],"class_list":["post-4154","post","type-post","status-publish","format-standard","has-post-thumbnail","hentry","category-blog","category-blog_wintersport_insights"],"_links":{"self":[{"href":"https:\/\/wintersport.news\/en\/wp-json\/wp\/v2\/posts\/4154","targetHints":{"allow":["GET"]}}],"collection":[{"href":"https:\/\/wintersport.news\/en\/wp-json\/wp\/v2\/posts"}],"about":[{"href":"https:\/\/wintersport.news\/en\/wp-json\/wp\/v2\/types\/post"}],"author":[{"embeddable":true,"href":"https:\/\/wintersport.news\/en\/wp-json\/wp\/v2\/users\/3"}],"replies":[{"embeddable":true,"href":"https:\/\/wintersport.news\/en\/wp-json\/wp\/v2\/comments?post=4154"}],"version-history":[{"count":4,"href":"https:\/\/wintersport.news\/en\/wp-json\/wp\/v2\/posts\/4154\/revisions"}],"predecessor-version":[{"id":4160,"href":"https:\/\/wintersport.news\/en\/wp-json\/wp\/v2\/posts\/4154\/revisions\/4160"}],"wp:featuredmedia":[{"embeddable":true,"href":"https:\/\/wintersport.news\/en\/wp-json\/wp\/v2\/media\/4158"}],"wp:attachment":[{"href":"https:\/\/wintersport.news\/en\/wp-json\/wp\/v2\/media?parent=4154"}],"wp:term":[{"taxonomy":"category","embeddable":true,"href":"https:\/\/wintersport.news\/en\/wp-json\/wp\/v2\/categories?post=4154"},{"taxonomy":"post_tag","embeddable":true,"href":"https:\/\/wintersport.news\/en\/wp-json\/wp\/v2\/tags?post=4154"}],"curies":[{"name":"wp","href":"https:\/\/api.w.org\/{rel}","templated":true}]}}