{"id":4038,"date":"2022-11-15T10:11:01","date_gmt":"2022-11-15T10:11:01","guid":{"rendered":"https:\/\/wintersport.news\/?p=4038"},"modified":"2022-11-15T14:43:05","modified_gmt":"2022-11-15T14:43:05","slug":"good-to-know-johannes-boe","status":"publish","type":"post","link":"https:\/\/wintersport.news\/en\/good-to-know-johannes-boe\/","title":{"rendered":"Good to know: Johannes Boe"},"content":{"rendered":"<div data-elementor-type=\"wp-post\" data-elementor-id=\"4038\" class=\"elementor elementor-4038\" data-elementor-post-type=\"post\">\n\t\t\t\t\t\t<section class=\"elementor-section elementor-top-section elementor-element elementor-element-3b2f344 elementor-section-boxed elementor-section-height-default elementor-section-height-default\" data-id=\"3b2f344\" data-element_type=\"section\">\n\t\t\t\t\t\t<div class=\"elementor-container elementor-column-gap-default\">\n\t\t\t\t\t<div class=\"elementor-column elementor-col-100 elementor-top-column elementor-element elementor-element-f36f671\" data-id=\"f36f671\" data-element_type=\"column\">\n\t\t\t<div class=\"elementor-widget-wrap elementor-element-populated\">\n\t\t\t\t\t\t<div class=\"elementor-element elementor-element-97337b5 elementor-widget elementor-widget-text-editor\" data-id=\"97337b5\" data-element_type=\"widget\" data-widget_type=\"text-editor.default\">\n\t\t\t\t<div class=\"elementor-widget-container\">\n\t\t\t\t\t\t\t\t\t<p>The new season is just around the corner and Norway's biathlon star Johannes Thingnes Boe is ready to fight for the overall World Cup title this year. He talks about his beginnings in biathlon and his goals in our interview.<\/p>\t\t\t\t\t\t\t\t<\/div>\n\t\t\t\t<\/div>\n\t\t\t\t\t<\/div>\n\t\t<\/div>\n\t\t\t\t\t<\/div>\n\t\t<\/section>\n\t\t\t\t<section class=\"elementor-section elementor-top-section elementor-element elementor-element-1eb1769 elementor-section-boxed elementor-section-height-default elementor-section-height-default\" data-id=\"1eb1769\" data-element_type=\"section\">\n\t\t\t\t\t\t<div class=\"elementor-container elementor-column-gap-default\">\n\t\t\t\t\t<div class=\"elementor-column elementor-col-100 elementor-top-column elementor-element elementor-element-908b052\" data-id=\"908b052\" data-element_type=\"column\">\n\t\t\t<div class=\"elementor-widget-wrap elementor-element-populated\">\n\t\t\t\t\t\t<div class=\"elementor-element elementor-element-ac58c0b elementor-widget elementor-widget-text-editor\" data-id=\"ac58c0b\" data-element_type=\"widget\" data-widget_type=\"text-editor.default\">\n\t\t\t\t<div class=\"elementor-widget-container\">\n\t\t\t\t\t\t\t\t\t<p><strong>When did you start biathlon? Did you do any other sport before?<\/strong><\/p><p>Oh I did many sports before I started with biathlon. I played soccer and did cross-country skiing and some athletics like running, jumping and throwing. When I was ten years old I did biathlon for fun and when I was 15 I got serious and trained professionally.<\/p><p><strong>When did you pull the trigger of the biathlon rifle for the first time?<\/strong><\/p><p>That was the winter before I turned 10, so quite early at age nine.<\/p>\t\t\t\t\t\t\t\t<\/div>\n\t\t\t\t<\/div>\n\t\t\t\t\t<\/div>\n\t\t<\/div>\n\t\t\t\t\t<\/div>\n\t\t<\/section>\n\t\t\t\t<section class=\"elementor-section elementor-top-section elementor-element elementor-element-30b413b elementor-section-boxed elementor-section-height-default elementor-section-height-default\" data-id=\"30b413b\" data-element_type=\"section\">\n\t\t\t\t\t\t<div class=\"elementor-container elementor-column-gap-default\">\n\t\t\t\t\t<div class=\"elementor-column elementor-col-100 elementor-top-column elementor-element elementor-element-17618b9\" data-id=\"17618b9\" data-element_type=\"column\">\n\t\t\t<div class=\"elementor-widget-wrap elementor-element-populated\">\n\t\t\t\t\t\t<div class=\"elementor-element elementor-element-360807a elementor-widget elementor-widget-image\" data-id=\"360807a\" data-element_type=\"widget\" data-widget_type=\"image.default\">\n\t\t\t\t<div class=\"elementor-widget-container\">\n\t\t\t\t\t\t\t\t\t\t\t\t\t\t\t<img fetchpriority=\"high\" decoding=\"async\" width=\"800\" height=\"534\" src=\"https:\/\/wintersport.news\/wp-content\/uploads\/2022\/11\/564_221113KVe0202-1024x683.jpg\" class=\"attachment-large size-large wp-image-4058\" alt=\"\" srcset=\"https:\/\/wintersport.news\/wp-content\/uploads\/2022\/11\/564_221113KVe0202-1024x683.jpg 1024w, https:\/\/wintersport.news\/wp-content\/uploads\/2022\/11\/564_221113KVe0202-300x200.jpg 300w, https:\/\/wintersport.news\/wp-content\/uploads\/2022\/11\/564_221113KVe0202-150x100.jpg 150w, https:\/\/wintersport.news\/wp-content\/uploads\/2022\/11\/564_221113KVe0202-768x512.jpg 768w, https:\/\/wintersport.news\/wp-content\/uploads\/2022\/11\/564_221113KVe0202-1536x1024.jpg 1536w, https:\/\/wintersport.news\/wp-content\/uploads\/2022\/11\/564_221113KVe0202-2048x1366.jpg 2048w, https:\/\/wintersport.news\/wp-content\/uploads\/2022\/11\/564_221113KVe0202-16x12.jpg 16w\" sizes=\"(max-width: 800px) 100vw, 800px\" \/>\t\t\t\t\t\t\t\t\t\t\t\t\t\t\t<\/div>\n\t\t\t\t<\/div>\n\t\t\t\t\t<\/div>\n\t\t<\/div>\n\t\t\t\t\t<\/div>\n\t\t<\/section>\n\t\t\t\t<section class=\"elementor-section elementor-top-section elementor-element elementor-element-b52ac57 elementor-section-boxed elementor-section-height-default elementor-section-height-default\" data-id=\"b52ac57\" data-element_type=\"section\">\n\t\t\t\t\t\t<div class=\"elementor-container elementor-column-gap-default\">\n\t\t\t\t\t<div class=\"elementor-column elementor-col-100 elementor-top-column elementor-element elementor-element-adcfa86\" data-id=\"adcfa86\" data-element_type=\"column\">\n\t\t\t<div class=\"elementor-widget-wrap elementor-element-populated\">\n\t\t\t\t\t\t<div class=\"elementor-element elementor-element-5e2277e elementor-widget elementor-widget-text-editor\" data-id=\"5e2277e\" data-element_type=\"widget\" data-widget_type=\"text-editor.default\">\n\t\t\t\t<div class=\"elementor-widget-container\">\n\t\t\t\t\t\t\t\t\t<p><strong>How was your preparation during the summer?<\/strong><\/p><p>I didn't participate in that many races. But we had the Norwegian Championships in September, for example. That was quite ok, but of course I still have to improve this form significantly. And now it's time to get in a good position before the winter. The last weeks before the start of the season there will be a lot of training to get ready. And then of course fingers crossed for the first World Cup race.<\/p><p><strong>What is your goal for the season?<\/strong><\/p><p>That is clearly to win the Overall World Cup and the World Championships in Germany are very important for me. Therefore, the first step is to achieve good results until Christmas. And then during the Christmas break I make new plans for the rest of the season.<\/p><p>\u00a0<\/p><p>Fotos: K.Voigt Fotografie<\/p>\t\t\t\t\t\t\t\t<\/div>\n\t\t\t\t<\/div>\n\t\t\t\t\t<\/div>\n\t\t<\/div>\n\t\t\t\t\t<\/div>\n\t\t<\/section>\n\t\t\t\t<\/div>","protected":false},"excerpt":{"rendered":"<p>Die neue Saison steht vor der T\u00fcr und Norwegens Biathlon Star Johannes Thingnes B\u00f8 ist bereit, um im diesen Jahr f\u00fcr den Gesamtweltcup-Titel zu k\u00e4mpfen. \u00dcber seine Anf\u00e4nge im Biathlon und \u00fcber seine Ziele erz\u00e4hlt er in unserem Interview. Wann hast du mit Biathlon begonnen? Hast du davor einen anderen Sport gemacht? Oh ich habe [&hellip;]<\/p>","protected":false},"author":3,"featured_media":4056,"comment_status":"open","ping_status":"closed","sticky":false,"template":"","format":"standard","meta":{"footnotes":""},"categories":[4,30],"tags":[],"class_list":["post-4038","post","type-post","status-publish","format-standard","has-post-thumbnail","hentry","category-blog","category-blog_wintersport_insights"],"_links":{"self":[{"href":"https:\/\/wintersport.news\/en\/wp-json\/wp\/v2\/posts\/4038","targetHints":{"allow":["GET"]}}],"collection":[{"href":"https:\/\/wintersport.news\/en\/wp-json\/wp\/v2\/posts"}],"about":[{"href":"https:\/\/wintersport.news\/en\/wp-json\/wp\/v2\/types\/post"}],"author":[{"embeddable":true,"href":"https:\/\/wintersport.news\/en\/wp-json\/wp\/v2\/users\/3"}],"replies":[{"embeddable":true,"href":"https:\/\/wintersport.news\/en\/wp-json\/wp\/v2\/comments?post=4038"}],"version-history":[{"count":8,"href":"https:\/\/wintersport.news\/en\/wp-json\/wp\/v2\/posts\/4038\/revisions"}],"predecessor-version":[{"id":4061,"href":"https:\/\/wintersport.news\/en\/wp-json\/wp\/v2\/posts\/4038\/revisions\/4061"}],"wp:featuredmedia":[{"embeddable":true,"href":"https:\/\/wintersport.news\/en\/wp-json\/wp\/v2\/media\/4056"}],"wp:attachment":[{"href":"https:\/\/wintersport.news\/en\/wp-json\/wp\/v2\/media?parent=4038"}],"wp:term":[{"taxonomy":"category","embeddable":true,"href":"https:\/\/wintersport.news\/en\/wp-json\/wp\/v2\/categories?post=4038"},{"taxonomy":"post_tag","embeddable":true,"href":"https:\/\/wintersport.news\/en\/wp-json\/wp\/v2\/tags?post=4038"}],"curies":[{"name":"wp","href":"https:\/\/api.w.org\/{rel}","templated":true}]}}