{"id":3975,"date":"2022-09-29T13:32:51","date_gmt":"2022-09-29T13:32:51","guid":{"rendered":"https:\/\/wintersport.news\/?p=3975"},"modified":"2022-10-07T10:42:03","modified_gmt":"2022-10-07T10:42:03","slug":"caroline-colombo","status":"publish","type":"post","link":"https:\/\/wintersport.news\/en\/caroline-colombo\/","title":{"rendered":"Good to know: Caroline Colombo"},"content":{"rendered":"<div data-elementor-type=\"wp-post\" data-elementor-id=\"3975\" class=\"elementor elementor-3975\" data-elementor-post-type=\"post\">\n\t\t\t\t\t\t<section class=\"elementor-section elementor-top-section elementor-element elementor-element-7900078 elementor-section-boxed elementor-section-height-default elementor-section-height-default\" data-id=\"7900078\" data-element_type=\"section\">\n\t\t\t\t\t\t<div class=\"elementor-container elementor-column-gap-default\">\n\t\t\t\t\t<div class=\"elementor-column elementor-col-100 elementor-top-column elementor-element elementor-element-60573d4\" data-id=\"60573d4\" data-element_type=\"column\">\n\t\t\t<div class=\"elementor-widget-wrap elementor-element-populated\">\n\t\t\t\t\t\t<div class=\"elementor-element elementor-element-38f5029 elementor-widget elementor-widget-text-editor\" data-id=\"38f5029\" data-element_type=\"widget\" data-widget_type=\"text-editor.default\">\n\t\t\t\t<div class=\"elementor-widget-container\">\n\t\t\t\t\t\t\t\t\t<p>Young Frenchwoman Caroline Colombo joined the KinetiXx team this summer and has big plans for the upcoming Biathlon World Cup.<\/p>\t\t\t\t\t\t\t\t<\/div>\n\t\t\t\t<\/div>\n\t\t\t\t\t<\/div>\n\t\t<\/div>\n\t\t\t\t\t<\/div>\n\t\t<\/section>\n\t\t\t\t<section class=\"elementor-section elementor-top-section elementor-element elementor-element-bba7c0e elementor-section-boxed elementor-section-height-default elementor-section-height-default\" data-id=\"bba7c0e\" data-element_type=\"section\">\n\t\t\t\t\t\t<div class=\"elementor-container elementor-column-gap-default\">\n\t\t\t\t\t<div class=\"elementor-column elementor-col-100 elementor-top-column elementor-element elementor-element-dd18964\" data-id=\"dd18964\" data-element_type=\"column\">\n\t\t\t<div class=\"elementor-widget-wrap elementor-element-populated\">\n\t\t\t\t\t\t<div class=\"elementor-element elementor-element-e78726a elementor-widget elementor-widget-heading\" data-id=\"e78726a\" data-element_type=\"widget\" data-widget_type=\"heading.default\">\n\t\t\t\t<div class=\"elementor-widget-container\">\n\t\t\t\t\t<h2 class=\"elementor-heading-title elementor-size-default\">Welcome to the KinetiXx Team! How did you decide to switch to KinetiXx gloves?<\/h2>\t\t\t\t<\/div>\n\t\t\t\t<\/div>\n\t\t\t\t\t<\/div>\n\t\t<\/div>\n\t\t\t\t\t<\/div>\n\t\t<\/section>\n\t\t\t\t<section class=\"elementor-section elementor-top-section elementor-element elementor-element-b7501c6 elementor-section-boxed elementor-section-height-default elementor-section-height-default\" data-id=\"b7501c6\" data-element_type=\"section\">\n\t\t\t\t\t\t<div class=\"elementor-container elementor-column-gap-default\">\n\t\t\t\t\t<div class=\"elementor-column elementor-col-100 elementor-top-column elementor-element elementor-element-eb7c44a\" data-id=\"eb7c44a\" data-element_type=\"column\">\n\t\t\t<div class=\"elementor-widget-wrap elementor-element-populated\">\n\t\t\t\t\t\t<div class=\"elementor-element elementor-element-3cc97a9 elementor-widget elementor-widget-text-editor\" data-id=\"3cc97a9\" data-element_type=\"widget\" data-widget_type=\"text-editor.default\">\n\t\t\t\t<div class=\"elementor-widget-container\">\n\t\t\t\t\t\t\t\t\t<p>I tested the gloves last winter and they fit me very well. I like the grip of the gloves and I freeze quickly on the hands, so the warmer models are perfect for me.<\/p>\t\t\t\t\t\t\t\t<\/div>\n\t\t\t\t<\/div>\n\t\t\t\t\t<\/div>\n\t\t<\/div>\n\t\t\t\t\t<\/div>\n\t\t<\/section>\n\t\t\t\t<section class=\"elementor-section elementor-top-section elementor-element elementor-element-89ab498 elementor-section-boxed elementor-section-height-default elementor-section-height-default\" data-id=\"89ab498\" data-element_type=\"section\">\n\t\t\t\t\t\t<div class=\"elementor-container elementor-column-gap-default\">\n\t\t\t\t\t<div class=\"elementor-column elementor-col-100 elementor-top-column elementor-element elementor-element-cf4fa53\" data-id=\"cf4fa53\" data-element_type=\"column\">\n\t\t\t<div class=\"elementor-widget-wrap elementor-element-populated\">\n\t\t\t\t\t\t<div class=\"elementor-element elementor-element-ec68ec0 elementor-widget elementor-widget-heading\" data-id=\"ec68ec0\" data-element_type=\"widget\" data-widget_type=\"heading.default\">\n\t\t\t\t<div class=\"elementor-widget-container\">\n\t\t\t\t\t<h2 class=\"elementor-heading-title elementor-size-default\">How did you get into biathlon?<\/h2>\t\t\t\t<\/div>\n\t\t\t\t<\/div>\n\t\t\t\t\t<\/div>\n\t\t<\/div>\n\t\t\t\t\t<\/div>\n\t\t<\/section>\n\t\t\t\t<section class=\"elementor-section elementor-top-section elementor-element elementor-element-448806c elementor-section-boxed elementor-section-height-default elementor-section-height-default\" data-id=\"448806c\" data-element_type=\"section\">\n\t\t\t\t\t\t<div class=\"elementor-container elementor-column-gap-default\">\n\t\t\t\t\t<div class=\"elementor-column elementor-col-100 elementor-top-column elementor-element elementor-element-a72dfa1\" data-id=\"a72dfa1\" data-element_type=\"column\">\n\t\t\t<div class=\"elementor-widget-wrap elementor-element-populated\">\n\t\t\t\t\t\t<div class=\"elementor-element elementor-element-e3c49da elementor-widget elementor-widget-text-editor\" data-id=\"e3c49da\" data-element_type=\"widget\" data-widget_type=\"text-editor.default\">\n\t\t\t\t<div class=\"elementor-widget-container\">\n\t\t\t\t\t\t\t\t\t<p>I was still very young when I started biathlon. I come from a small village where everyone skis, so it was quite normal that I started with cross-country skiing and then also biathlon. My brother also did biathlon, so it is a part of my family, I think.<\/p>\t\t\t\t\t\t\t\t<\/div>\n\t\t\t\t<\/div>\n\t\t\t\t\t<\/div>\n\t\t<\/div>\n\t\t\t\t\t<\/div>\n\t\t<\/section>\n\t\t\t\t<section class=\"elementor-section elementor-top-section elementor-element elementor-element-d324659 elementor-section-boxed elementor-section-height-default elementor-section-height-default\" data-id=\"d324659\" data-element_type=\"section\">\n\t\t\t\t\t\t<div class=\"elementor-container elementor-column-gap-default\">\n\t\t\t\t\t<div class=\"elementor-column elementor-col-100 elementor-top-column elementor-element elementor-element-df60f44\" data-id=\"df60f44\" data-element_type=\"column\">\n\t\t\t<div class=\"elementor-widget-wrap elementor-element-populated\">\n\t\t\t\t\t\t<div class=\"elementor-element elementor-element-02ebe3e elementor-widget elementor-widget-heading\" data-id=\"02ebe3e\" data-element_type=\"widget\" data-widget_type=\"heading.default\">\n\t\t\t\t<div class=\"elementor-widget-container\">\n\t\t\t\t\t<h2 class=\"elementor-heading-title elementor-size-default\">Which biathlon discipline is your absolute strength and why?<\/h2>\t\t\t\t<\/div>\n\t\t\t\t<\/div>\n\t\t\t\t\t<\/div>\n\t\t<\/div>\n\t\t\t\t\t<\/div>\n\t\t<\/section>\n\t\t\t\t<section class=\"elementor-section elementor-top-section elementor-element elementor-element-b9360fc elementor-section-boxed elementor-section-height-default elementor-section-height-default\" data-id=\"b9360fc\" data-element_type=\"section\">\n\t\t\t\t\t\t<div class=\"elementor-container elementor-column-gap-default\">\n\t\t\t\t\t<div class=\"elementor-column elementor-col-100 elementor-top-column elementor-element elementor-element-b811456\" data-id=\"b811456\" data-element_type=\"column\">\n\t\t\t<div class=\"elementor-widget-wrap elementor-element-populated\">\n\t\t\t\t\t\t<div class=\"elementor-element elementor-element-9d6db82 elementor-widget elementor-widget-text-editor\" data-id=\"9d6db82\" data-element_type=\"widget\" data-widget_type=\"text-editor.default\">\n\t\t\t\t<div class=\"elementor-widget-container\">\n\t\t\t\t\t\t\t\t\t<p>I like to compete in direct comparison, as it is in the pursuit or the mass start. I think the mass start is still a bit better. I have never run a mass start in the World Cup, but I am looking forward to it and think it will be good.<\/p>\t\t\t\t\t\t\t\t<\/div>\n\t\t\t\t<\/div>\n\t\t\t\t\t<\/div>\n\t\t<\/div>\n\t\t\t\t\t<\/div>\n\t\t<\/section>\n\t\t\t\t<section class=\"elementor-section elementor-top-section elementor-element elementor-element-ee9bd51 elementor-section-boxed elementor-section-height-default elementor-section-height-default\" data-id=\"ee9bd51\" data-element_type=\"section\">\n\t\t\t\t\t\t<div class=\"elementor-container elementor-column-gap-default\">\n\t\t\t\t\t<div class=\"elementor-column elementor-col-100 elementor-top-column elementor-element elementor-element-76cfcce\" data-id=\"76cfcce\" data-element_type=\"column\">\n\t\t\t<div class=\"elementor-widget-wrap elementor-element-populated\">\n\t\t\t\t\t\t<div class=\"elementor-element elementor-element-a26b71b elementor-widget elementor-widget-image\" data-id=\"a26b71b\" data-element_type=\"widget\" data-widget_type=\"image.default\">\n\t\t\t\t<div class=\"elementor-widget-container\">\n\t\t\t\t\t\t\t\t\t\t\t\t\t\t\t<img fetchpriority=\"high\" decoding=\"async\" width=\"800\" height=\"527\" src=\"https:\/\/wintersport.news\/wp-content\/uploads\/2022\/09\/Wintersport-News-Titelbilder2-1024x674.png\" class=\"attachment-large size-large wp-image-3984\" alt=\"\" srcset=\"https:\/\/wintersport.news\/wp-content\/uploads\/2022\/09\/Wintersport-News-Titelbilder2-1024x674.png 1024w, https:\/\/wintersport.news\/wp-content\/uploads\/2022\/09\/Wintersport-News-Titelbilder2-300x197.png 300w, https:\/\/wintersport.news\/wp-content\/uploads\/2022\/09\/Wintersport-News-Titelbilder2-150x99.png 150w, https:\/\/wintersport.news\/wp-content\/uploads\/2022\/09\/Wintersport-News-Titelbilder2-768x505.png 768w, https:\/\/wintersport.news\/wp-content\/uploads\/2022\/09\/Wintersport-News-Titelbilder2-16x12.png 16w, https:\/\/wintersport.news\/wp-content\/uploads\/2022\/09\/Wintersport-News-Titelbilder2.png 1090w\" sizes=\"(max-width: 800px) 100vw, 800px\" \/>\t\t\t\t\t\t\t\t\t\t\t\t\t\t\t<\/div>\n\t\t\t\t<\/div>\n\t\t\t\t\t<\/div>\n\t\t<\/div>\n\t\t\t\t\t<\/div>\n\t\t<\/section>\n\t\t\t\t<section class=\"elementor-section elementor-top-section elementor-element elementor-element-bfb5a7d elementor-section-boxed elementor-section-height-default elementor-section-height-default\" data-id=\"bfb5a7d\" data-element_type=\"section\">\n\t\t\t\t\t\t<div class=\"elementor-container elementor-column-gap-default\">\n\t\t\t\t\t<div class=\"elementor-column elementor-col-100 elementor-top-column elementor-element elementor-element-30e4ba8\" data-id=\"30e4ba8\" data-element_type=\"column\">\n\t\t\t<div class=\"elementor-widget-wrap elementor-element-populated\">\n\t\t\t\t\t\t<div class=\"elementor-element elementor-element-9180ae5 elementor-widget elementor-widget-text-editor\" data-id=\"9180ae5\" data-element_type=\"widget\" data-widget_type=\"text-editor.default\">\n\t\t\t\t<div class=\"elementor-widget-container\">\n\t\t\t\t\t\t\t\t\t<p>Fotos: K.Voigt Fotografie<\/p>\t\t\t\t\t\t\t\t<\/div>\n\t\t\t\t<\/div>\n\t\t\t\t\t<\/div>\n\t\t<\/div>\n\t\t\t\t\t<\/div>\n\t\t<\/section>\n\t\t\t\t<\/div>","protected":false},"excerpt":{"rendered":"<p>Die junge Franz\u00f6sin Caroline Colombo ist diesem Sommer in das KinetiXx Team gekommen und hat gro\u00dfe Pl\u00e4ne f\u00fcr den kommenden Biathlon Weltcup. Willkommen im KinetiXx Team! Warum hast du dich f\u00fcr einen Wechsel auf KinetiXx Handschuhe entschieden? Ich habe die Handschuhe im letzten Winter getestet und sie passen mir sehr gut. Ich mag den Grip [&hellip;]<\/p>","protected":false},"author":3,"featured_media":3976,"comment_status":"open","ping_status":"closed","sticky":false,"template":"","format":"standard","meta":{"footnotes":""},"categories":[4,30],"tags":[],"class_list":["post-3975","post","type-post","status-publish","format-standard","has-post-thumbnail","hentry","category-blog","category-blog_wintersport_insights"],"_links":{"self":[{"href":"https:\/\/wintersport.news\/en\/wp-json\/wp\/v2\/posts\/3975","targetHints":{"allow":["GET"]}}],"collection":[{"href":"https:\/\/wintersport.news\/en\/wp-json\/wp\/v2\/posts"}],"about":[{"href":"https:\/\/wintersport.news\/en\/wp-json\/wp\/v2\/types\/post"}],"author":[{"embeddable":true,"href":"https:\/\/wintersport.news\/en\/wp-json\/wp\/v2\/users\/3"}],"replies":[{"embeddable":true,"href":"https:\/\/wintersport.news\/en\/wp-json\/wp\/v2\/comments?post=3975"}],"version-history":[{"count":11,"href":"https:\/\/wintersport.news\/en\/wp-json\/wp\/v2\/posts\/3975\/revisions"}],"predecessor-version":[{"id":3989,"href":"https:\/\/wintersport.news\/en\/wp-json\/wp\/v2\/posts\/3975\/revisions\/3989"}],"wp:featuredmedia":[{"embeddable":true,"href":"https:\/\/wintersport.news\/en\/wp-json\/wp\/v2\/media\/3976"}],"wp:attachment":[{"href":"https:\/\/wintersport.news\/en\/wp-json\/wp\/v2\/media?parent=3975"}],"wp:term":[{"taxonomy":"category","embeddable":true,"href":"https:\/\/wintersport.news\/en\/wp-json\/wp\/v2\/categories?post=3975"},{"taxonomy":"post_tag","embeddable":true,"href":"https:\/\/wintersport.news\/en\/wp-json\/wp\/v2\/tags?post=3975"}],"curies":[{"name":"wp","href":"https:\/\/api.w.org\/{rel}","templated":true}]}}