{"id":3088,"date":"2021-12-05T20:51:44","date_gmt":"2021-12-05T20:51:44","guid":{"rendered":"https:\/\/wintersport.news\/?p=3088"},"modified":"2021-12-05T21:06:56","modified_gmt":"2021-12-05T21:06:56","slug":"hoerl-dominiert-im-polnischen-wisla","status":"publish","type":"post","link":"https:\/\/wintersport.news\/en\/hoerl-dominiert-im-polnischen-wisla\/","title":{"rendered":"H\u00f6rl dominates in Wisla, Poland"},"content":{"rendered":"<div data-elementor-type=\"wp-post\" data-elementor-id=\"3088\" class=\"elementor elementor-3088\" data-elementor-post-type=\"post\">\n\t\t\t\t\t\t<section class=\"elementor-section elementor-top-section elementor-element elementor-element-d094a83 elementor-section-boxed elementor-section-height-default elementor-section-height-default\" data-id=\"d094a83\" data-element_type=\"section\">\n\t\t\t\t\t\t<div class=\"elementor-container elementor-column-gap-default\">\n\t\t\t\t\t<div class=\"elementor-column elementor-col-100 elementor-top-column elementor-element elementor-element-6040c2d\" data-id=\"6040c2d\" data-element_type=\"column\">\n\t\t\t<div class=\"elementor-widget-wrap elementor-element-populated\">\n\t\t\t\t\t\t<div class=\"elementor-element elementor-element-573532b elementor-widget elementor-widget-text-editor\" data-id=\"573532b\" data-element_type=\"widget\" data-widget_type=\"text-editor.default\">\n\t\t\t\t<div class=\"elementor-widget-container\">\n\t\t\t\t\t\t\t\t\t<p>After his victory in the qualification on Friday, Jan H\u00f6rl showed nerves of steel and also won today's World Cup jumping by a razor-thin margin. In an exciting duel the Austrian finally won with 261.9 points against the Norwegian Marius Lindvik (255.2P). An Austrian also jumped into third place. With 253.6 points Stefan Kraft also landed on the podium in the 2nd round.<\/p><p>The best German was Karl Geiger in fourth place ahead of Markus Eisenbichler in fifth. With seventh place Pius Paschke completed the German top ten. Best Polish eagle was Kamil Stoch who could not show the performance he expected in the second round. Next week the ski jumping Dross moves on to Germany and will compete in the World Cup in Klingenthal.\u00a0<\/p><p>Foto: springen-news.de\/K.Schneider<\/p>\t\t\t\t\t\t\t\t<\/div>\n\t\t\t\t<\/div>\n\t\t\t\t\t<\/div>\n\t\t<\/div>\n\t\t\t\t\t<\/div>\n\t\t<\/section>\n\t\t\t\t<\/div>","protected":false},"excerpt":{"rendered":"<p>Nach seinem Sieg in der Qualifikation am Freitag bewies Jan H\u00f6rl Nerven und entschied auch das heutige Weltcup-Springen hauchd\u00fcnn f\u00fcr sich. In einem spannenden Duell konnte sich der \u00d6sterreicher schlussendlich mit 261,9 Punkten gegen den Norweger Marius Lindvik&nbsp; (255,2P) durchsetzten. Auf Rang drei sprang ebenfalls ein \u00d6sterreicher. Mit 253,6 Punkten landete Stefan Kraft im 2. [&hellip;]<\/p>","protected":false},"author":3,"featured_media":3092,"comment_status":"open","ping_status":"closed","sticky":false,"template":"","format":"standard","meta":{"footnotes":""},"categories":[3],"tags":[7],"class_list":["post-3088","post","type-post","status-publish","format-standard","has-post-thumbnail","hentry","category-news","tag-skispringen"],"_links":{"self":[{"href":"https:\/\/wintersport.news\/en\/wp-json\/wp\/v2\/posts\/3088","targetHints":{"allow":["GET"]}}],"collection":[{"href":"https:\/\/wintersport.news\/en\/wp-json\/wp\/v2\/posts"}],"about":[{"href":"https:\/\/wintersport.news\/en\/wp-json\/wp\/v2\/types\/post"}],"author":[{"embeddable":true,"href":"https:\/\/wintersport.news\/en\/wp-json\/wp\/v2\/users\/3"}],"replies":[{"embeddable":true,"href":"https:\/\/wintersport.news\/en\/wp-json\/wp\/v2\/comments?post=3088"}],"version-history":[{"count":5,"href":"https:\/\/wintersport.news\/en\/wp-json\/wp\/v2\/posts\/3088\/revisions"}],"predecessor-version":[{"id":3097,"href":"https:\/\/wintersport.news\/en\/wp-json\/wp\/v2\/posts\/3088\/revisions\/3097"}],"wp:featuredmedia":[{"embeddable":true,"href":"https:\/\/wintersport.news\/en\/wp-json\/wp\/v2\/media\/3092"}],"wp:attachment":[{"href":"https:\/\/wintersport.news\/en\/wp-json\/wp\/v2\/media?parent=3088"}],"wp:term":[{"taxonomy":"category","embeddable":true,"href":"https:\/\/wintersport.news\/en\/wp-json\/wp\/v2\/categories?post=3088"},{"taxonomy":"post_tag","embeddable":true,"href":"https:\/\/wintersport.news\/en\/wp-json\/wp\/v2\/tags?post=3088"}],"curies":[{"name":"wp","href":"https:\/\/api.w.org\/{rel}","templated":true}]}}