{"id":2921,"date":"2021-11-14T21:02:13","date_gmt":"2021-11-14T21:02:13","guid":{"rendered":"https:\/\/wintersport.news\/?p=2921"},"modified":"2021-11-14T21:12:09","modified_gmt":"2021-11-14T21:12:09","slug":"julia-simon-siegt-in-sjusjoen-im-sprint","status":"publish","type":"post","link":"https:\/\/wintersport.news\/en\/julia-simon-siegt-in-sjusjoen-im-sprint\/","title":{"rendered":"Julia Simon siegt in Sjusjoen im Sprint"},"content":{"rendered":"<p>Zum Auftakt der Biathlon Saison 2021 \/22 lie\u00df sich die Franz\u00f6sin Julia Simon den Sieg im 7,5 Km Damensprint nicht nehmen und gab beeindruckend ihre Visitenkarte ab.<\/p>\n<p>Dominierend in der Loipe und fehlerfrei am Schie\u00dfstand gab sie zu erkennen, dass sie auch im kommenden Winter zu den Top- Favoriten zu z\u00e4hlen ist.Lokalmatadorin Marte Olsbu, die hier ein Heimspiel hatte ,( sie kommt aus &nbsp;Lillehammer), auf Platz zwei und Tiril Eckhoff als Drittplatzierte im Ziel vervollst\u00e4ndigten das Siegerpodium bei der Generalprobe zur bevorstehenden Weltcup Saison.Mit dem Sieg von Julia Simon ging der erste Vergleich der beiden erfolgreichsten Nationen aus dem Vorjahr an Frankreich.&nbsp;Ergebnisse 7,5 Km Damensprint, Sjusjoen:&nbsp;1. Julia Simon, FRA &nbsp; &nbsp; &nbsp;21.29,4 Min.2. Marte Olsbu, NOR &nbsp; + 3,6 Sek.3. Tiril Eckhoff, NOR &nbsp; &nbsp;+ 21,8 Sek.&nbsp;9. Ingrid Tandrevold, NOR &nbsp; + 1.09,7 MIn.10. Justine Braisaz, FRA &nbsp; &nbsp; &nbsp; + 1.32,0 Min.&nbsp;&nbsp;Statement Julia Simon:\u201c Es ist sch\u00f6n hier zu laufen, vor allem wenn man dann noch gewinnt.Der Sieg freut mich sehr, obwohl ich nicht damit gerechnet hatte. ich habe mich sehrwohl gef\u00fchlt und bin mit meinem Rennen heute sehr zufrieden.\u201c&nbsp;Statement Marte Olsbu:\u201cEs hat sehr viel &nbsp;Spa\u00df gemacht hier zu laufen, zumal meine Familie und einige Freunde mich hier an der Strecke angefeuert haben.Mit dem zweiten Platz heute bin ich sehr zufrieden.\u201c&nbsp;Statement Tiril Eckhoff:\u201c Ich habe mich heute etwas m\u00fcde gef\u00fchlt, warum , ich wei\u00df es nicht.Es hat alles gepasst, und der dritte Platz heute ist OK.Wir haben gesehen, dass die anderen M\u00e4dchen im Sommer auch sehr gut gearbeitet haben, Julia hat heute dem Rennen ihren Stempel aufgedruckt.Mit ihr wird auch im Weltcup wieder zu rechnen sein.\u201c&nbsp;Fotos: K.Voigt Fotografie<br \/>\n<img loading=\"lazy\" decoding=\"async\" width=\"800\" height=\"534\" src=\"https:\/\/wintersport.news\/wp-content\/uploads\/2021\/11\/Marte-und-Tiril-1024x683.jpeg\" alt=\"\" srcset=\"https:\/\/wintersport.news\/wp-content\/uploads\/2021\/11\/Marte-und-Tiril-1024x683.jpeg 1024w, https:\/\/wintersport.news\/wp-content\/uploads\/2021\/11\/Marte-und-Tiril-300x200.jpeg 300w, https:\/\/wintersport.news\/wp-content\/uploads\/2021\/11\/Marte-und-Tiril-150x100.jpeg 150w, https:\/\/wintersport.news\/wp-content\/uploads\/2021\/11\/Marte-und-Tiril-768x512.jpeg 768w, https:\/\/wintersport.news\/wp-content\/uploads\/2021\/11\/Marte-und-Tiril-1536x1025.jpeg 1536w, https:\/\/wintersport.news\/wp-content\/uploads\/2021\/11\/Marte-und-Tiril-16x12.jpeg 16w, https:\/\/wintersport.news\/wp-content\/uploads\/2021\/11\/Marte-und-Tiril.jpeg 2000w\" sizes=\"auto, (max-width: 800px) 100vw, 800px\"><\/p>","protected":false},"excerpt":{"rendered":"<p>Zum Auftakt der Biathlon Saison 2021 \/22 lie\u00df sich die Franz\u00f6sin Julia Simon den Sieg im 7,5 Km Damensprint nicht nehmen und gab beeindruckend ihre Visitenkarte ab. Dominierend in der Loipe und fehlerfrei am Schie\u00dfstand gab sie zu erkennen, dass sie auch im kommenden Winter zu den Top- Favoriten zu z\u00e4hlen ist.Lokalmatadorin Marte Olsbu, die [&hellip;]<\/p>","protected":false},"author":3,"featured_media":2922,"comment_status":"open","ping_status":"closed","sticky":false,"template":"","format":"standard","meta":{"footnotes":""},"categories":[3],"tags":[6],"class_list":["post-2921","post","type-post","status-publish","format-standard","has-post-thumbnail","hentry","category-news","tag-biathlon"],"_links":{"self":[{"href":"https:\/\/wintersport.news\/en\/wp-json\/wp\/v2\/posts\/2921","targetHints":{"allow":["GET"]}}],"collection":[{"href":"https:\/\/wintersport.news\/en\/wp-json\/wp\/v2\/posts"}],"about":[{"href":"https:\/\/wintersport.news\/en\/wp-json\/wp\/v2\/types\/post"}],"author":[{"embeddable":true,"href":"https:\/\/wintersport.news\/en\/wp-json\/wp\/v2\/users\/3"}],"replies":[{"embeddable":true,"href":"https:\/\/wintersport.news\/en\/wp-json\/wp\/v2\/comments?post=2921"}],"version-history":[{"count":8,"href":"https:\/\/wintersport.news\/en\/wp-json\/wp\/v2\/posts\/2921\/revisions"}],"predecessor-version":[{"id":2931,"href":"https:\/\/wintersport.news\/en\/wp-json\/wp\/v2\/posts\/2921\/revisions\/2931"}],"wp:featuredmedia":[{"embeddable":true,"href":"https:\/\/wintersport.news\/en\/wp-json\/wp\/v2\/media\/2922"}],"wp:attachment":[{"href":"https:\/\/wintersport.news\/en\/wp-json\/wp\/v2\/media?parent=2921"}],"wp:term":[{"taxonomy":"category","embeddable":true,"href":"https:\/\/wintersport.news\/en\/wp-json\/wp\/v2\/categories?post=2921"},{"taxonomy":"post_tag","embeddable":true,"href":"https:\/\/wintersport.news\/en\/wp-json\/wp\/v2\/tags?post=2921"}],"curies":[{"name":"wp","href":"https:\/\/api.w.org\/{rel}","templated":true}]}}