{"id":2582,"date":"2021-04-13T09:27:01","date_gmt":"2021-04-13T09:27:01","guid":{"rendered":"https:\/\/wintersport.news\/?p=2582"},"modified":"2021-04-13T09:28:04","modified_gmt":"2021-04-13T09:28:04","slug":"eine-goldmedaille-und-das-grosse-abenteuer-in-andorra","status":"publish","type":"post","link":"https:\/\/wintersport.news\/en\/eine-goldmedaille-und-das-grosse-abenteuer-in-andorra\/","title":{"rendered":"Eine Goldmedaille und das gro\u00dfe Abenteuer in Andorra"},"content":{"rendered":"<p><strong>\u00dcber die offizielle KinetiXx &#8211; Euroloppet Kooperation wurde Langl\u00e4uferin Claudia Bregulla-Linke als Handschuhtesterin ausgew\u00e4hlt. Im M\u00e4rz stand f\u00fcr sie dann ein ganz besonderes Ereignis an: Die Weltmeisterschaften im Wintertriathlon in Andorra. Bestens ausgestattet ging es Mitten ins Winterabenteuer. Wie die Athletin das Event erlebte, erz\u00e4hlt sie uns heute in ihrem ausf\u00fchrlichen Bericht:<\/strong><\/p>\n<p>Die weltbesten Wintertriathleten trafen sich vom 19. bis 21. M\u00e4rz 2021 in dem auf \u00fcber 2000 Meter hoch gelegenen Naturlandia Park in Andorra nahe der Stadt Sant Julia de Loria. Insgesamt 250 nominierte Athleten:innen waren unter strengen Corona Bedingungen angereist und trafen dort auf sehr schwierige Bedingungen. Es gab kaum Schnee, die Strecke war vereist und es war am Wettkampftag zwar sonnig, aber sehr st\u00fcrmisch und kalt. Die Wettk\u00e4mpfe wurden pro Altersklassen der Nationalmannschaften \u00fcber 4,1 km Laufen, 5,2 Kilometern auf dem Mountainbike und 5,5 Kilometern auf den Langlaufskiern ausgetragen.<\/p>\n<p>Claudia Bregulla-Linke, die f\u00fcr das Team Erdinger alkoholfrei und den SC Riederau startete, reiste mit Team Coach Gerhard Linke, der f\u00fcr die DTU diese Funktion ehrenamtlich \u00fcbernehmen durfte und einer anderen Athletin aus dem deutschen Team mit dem Auto an. Die 1400 km Fahrt und die Grenz\u00fcberfahrt zu Coronazeiten waren bereits das erste Abenteuer. Aber mit einem negativen Test, dem Nominierungsschreiben und der Einladung des Komitees im Gep\u00e4ck verlief die Anreise dann ohne Probleme.<\/p>\n<p><img fetchpriority=\"high\" decoding=\"async\" class=\"alignleft  wp-image-2584\" src=\"https:\/\/wintersport.news\/wp-content\/uploads\/2021\/04\/Claudia-Bregulla-Andorra-Flagge.jpg\" alt=\"\" width=\"313\" height=\"417\" srcset=\"https:\/\/wintersport.news\/wp-content\/uploads\/2021\/04\/Claudia-Bregulla-Andorra-Flagge.jpg 728w, https:\/\/wintersport.news\/wp-content\/uploads\/2021\/04\/Claudia-Bregulla-Andorra-Flagge-112x150.jpg 112w, https:\/\/wintersport.news\/wp-content\/uploads\/2021\/04\/Claudia-Bregulla-Andorra-Flagge-225x300.jpg 225w, https:\/\/wintersport.news\/wp-content\/uploads\/2021\/04\/Claudia-Bregulla-Andorra-Flagge-370x493.jpg 370w, https:\/\/wintersport.news\/wp-content\/uploads\/2021\/04\/Claudia-Bregulla-Andorra-Flagge-270x361.jpg 270w\" sizes=\"(max-width: 313px) 100vw, 313px\" \/>Die H\u00f6he am Austragungsort machte jedoch allen Athleten:innen am meisten zu schaffen und daher w\u00e4re etwas mehr Zeit f\u00fcr die Anpassung sicher gut gewesen. Denn schon am Samstag, den 20. M\u00e4rz war der Start der Elite-Athleten:innen angesetzt. Auf Grund der zu kurzen Eingew\u00f6hnungsphase hatte unser einziger deutscher Profi und Medaillenhoffnung Sebastian Neef leider keinen guten Tag und erreichte nur als Zehnter das Ziel. Daf\u00fcr gab es bei den Athleten:innen in den verschiedenen Altersklassen eine stolze Medaillenausbeute f\u00fcr das deutsche Team: Mit achtmal Gold, f\u00fcnfmal Silber und einmal Bronze schloss Deutschland die WM als zweitbeste Medaillennation hinter Spanien und vor Estonia ab.<\/p>\n<p>Claudia Bregulla-Linke f\u00fchrte das Rennen in Ihrer Altersklasse vom Start weg an und konnte sehr souver\u00e4n in einer Zeit von 1:06h, mit gro\u00dfem Abstand auf die zweitplatzierte Deutsche Beate Pelani (1:21h), die Goldmedaille erk\u00e4mpfen. \u00dcber diesen besonderen Weltmeistertitel zu Coronazeiten freute sie sich sehr. Der perfekt gewachste Rossignol Ski vom Spezialisten Thomas Zwickel aus Petzenhausen lief perfekt, das einzige Problem war die sehr enge Streckenf\u00fchrung auf der Cross Ski Strecke, die jedes \u00dcberholman\u00f6ver schwierig gestaltete. Daher war es umso entscheidender, dass der Grip am Stock perfekt gestaltet war. Dank des Folke Handschuhs von KinetiXx mit der neuen Sharktec-Technologie konnte jeder Stockeinsatz perfekt gelingen.<\/p>\n<p>Es war ein Erlebnis zu Corona Zeiten einen internationalen Wettkampf erleben zu d\u00fcrfen, auch wenn die Er\u00f6ffnungsfeier, der Start mit Abstandsregeln und Mundschutz und auch die Siegerehrung etwas anders verliefen als sonst. Vergessen wir dieses Event so schnell keiner der 250 Teilnehmer:innen.<\/p>\n<p><img decoding=\"async\" class=\"wp-image-2585 aligncenter\" src=\"https:\/\/wintersport.news\/wp-content\/uploads\/2021\/04\/C.Bregulla-Medaille-Andorra.jpg\" alt=\"\" width=\"517\" height=\"407\" srcset=\"https:\/\/wintersport.news\/wp-content\/uploads\/2021\/04\/C.Bregulla-Medaille-Andorra.jpg 945w, https:\/\/wintersport.news\/wp-content\/uploads\/2021\/04\/C.Bregulla-Medaille-Andorra-150x118.jpg 150w, https:\/\/wintersport.news\/wp-content\/uploads\/2021\/04\/C.Bregulla-Medaille-Andorra-300x237.jpg 300w, https:\/\/wintersport.news\/wp-content\/uploads\/2021\/04\/C.Bregulla-Medaille-Andorra-768x605.jpg 768w, https:\/\/wintersport.news\/wp-content\/uploads\/2021\/04\/C.Bregulla-Medaille-Andorra-370x292.jpg 370w, https:\/\/wintersport.news\/wp-content\/uploads\/2021\/04\/C.Bregulla-Medaille-Andorra-760x599.jpg 760w\" sizes=\"(max-width: 517px) 100vw, 517px\" \/><\/p>","protected":false},"excerpt":{"rendered":"<p>\u00dcber die offizielle KinetiXx &#8211; Euroloppet Kooperation wurde Langl\u00e4uferin Claudia Bregulla-Linke als Handschuhtesterin ausgew\u00e4hlt. Im M\u00e4rz stand f\u00fcr sie dann ein ganz besonderes Ereignis an: Die Weltmeisterschaften im Wintertriathlon in Andorra. Bestens ausgestattet ging es Mitten ins Winterabenteuer. Wie die Athletin das Event erlebte, erz\u00e4hlt sie uns heute in ihrem ausf\u00fchrlichen Bericht: Die weltbesten Wintertriathleten [&hellip;]<\/p>","protected":false},"author":3,"featured_media":2583,"comment_status":"open","ping_status":"closed","sticky":false,"template":"","format":"standard","meta":{"footnotes":""},"categories":[4,31],"tags":[],"class_list":["post-2582","post","type-post","status-publish","format-standard","has-post-thumbnail","hentry","category-blog","category-xx_blog"],"_links":{"self":[{"href":"https:\/\/wintersport.news\/en\/wp-json\/wp\/v2\/posts\/2582","targetHints":{"allow":["GET"]}}],"collection":[{"href":"https:\/\/wintersport.news\/en\/wp-json\/wp\/v2\/posts"}],"about":[{"href":"https:\/\/wintersport.news\/en\/wp-json\/wp\/v2\/types\/post"}],"author":[{"embeddable":true,"href":"https:\/\/wintersport.news\/en\/wp-json\/wp\/v2\/users\/3"}],"replies":[{"embeddable":true,"href":"https:\/\/wintersport.news\/en\/wp-json\/wp\/v2\/comments?post=2582"}],"version-history":[{"count":2,"href":"https:\/\/wintersport.news\/en\/wp-json\/wp\/v2\/posts\/2582\/revisions"}],"predecessor-version":[{"id":2587,"href":"https:\/\/wintersport.news\/en\/wp-json\/wp\/v2\/posts\/2582\/revisions\/2587"}],"wp:featuredmedia":[{"embeddable":true,"href":"https:\/\/wintersport.news\/en\/wp-json\/wp\/v2\/media\/2583"}],"wp:attachment":[{"href":"https:\/\/wintersport.news\/en\/wp-json\/wp\/v2\/media?parent=2582"}],"wp:term":[{"taxonomy":"category","embeddable":true,"href":"https:\/\/wintersport.news\/en\/wp-json\/wp\/v2\/categories?post=2582"},{"taxonomy":"post_tag","embeddable":true,"href":"https:\/\/wintersport.news\/en\/wp-json\/wp\/v2\/tags?post=2582"}],"curies":[{"name":"wp","href":"https:\/\/api.w.org\/{rel}","templated":true}]}}