{"id":2326,"date":"2021-02-21T18:29:26","date_gmt":"2021-02-21T18:29:26","guid":{"rendered":"https:\/\/wintersport.news\/?p=2326"},"modified":"2021-02-21T18:29:26","modified_gmt":"2021-02-21T18:29:26","slug":"lisa-theresa-hauser-is-the-new-mass-start-world-champion","status":"publish","type":"post","link":"https:\/\/wintersport.news\/en\/lisa-theresa-hauser-is-the-new-mass-start-world-champion\/","title":{"rendered":"Lisa Theresa Hauser is the new mass start world champion"},"content":{"rendered":"<p>The women&#8217;s 12.5 km mass start race ended with a real surprise on the last day of the Biathlon World Championships in Pokljuka. What had already been foreshadowed in the last weeks and months in the World Cup was confirmed today in the Traglav Sports Center.\u00a0In spring-like temperatures the Tyrolean Lisa Theresa Hauser made her masterpiece and won the World Champion title with a brilliant performance, stayed four times clear at the shooting range and relegated the competition to the other medal ranks in the end.\u00a0The 27-year-old crowned her so far uniquely successful season with the gold medal and ensured a World Championship title for the Alpine Republic once again since 2009.\u00a0For her it was the third medal in the course of the World Championships in Slovenia.\u00a0Strong was also the performance of the athletes from Norway &#8211; with a gap of 21.7 seconds to the new World Champion, the silver medal surprisingly went to Ingrid Landmark Tandrevold just ahead of her friend Tiril Eckhoff, who could secure the bronze medal. Defending champion Marte Olsbu R\u00f8iseland in fourth place just missed a medal and could not defend her title from last year.\u00a0Best German was once again Franziska Preuss on sixth place.<\/p>\n<p>Results 12.5 km mass start women World Cup Pokljuka:<\/p>\n<table class=\"table is-hoverable\" tabindex=\"0\">\n<tbody>\n<tr class=\"\" draggable=\"false\">\n<td class=\"has-text-centered\" data-label=\"#\">1<\/td>\n<td class=\"has-text-centered\" data-label=\"Name\">HAUSER Lisa Theresa<\/td>\n<td class=\"has-text-centered\" data-label=\"Nationalit\u00e4t\"><img decoding=\"async\" class=\"flag\" src=\"https:\/\/wintersport.news\/wp-content\/plugins\/mega-biathlon\/img\/flags\/at.svg\" alt=\"AUT\" \/><\/td>\n<td class=\"has-text-centered\" data-label=\"Fehler\">0+0+0+0<\/td>\n<td class=\"has-text-centered\" data-label=\"Ergebnis\">36:05.7<\/td>\n<\/tr>\n<tr class=\"\" draggable=\"false\">\n<td class=\"has-text-centered\" data-label=\"#\">2<\/td>\n<td class=\"has-text-centered\" data-label=\"Name\">TANDREVOLD Ingrid Landmark<\/td>\n<td class=\"has-text-centered\" data-label=\"Nationalit\u00e4t\"><img decoding=\"async\" class=\"flag\" src=\"https:\/\/wintersport.news\/wp-content\/plugins\/mega-biathlon\/img\/flags\/no.svg\" alt=\"NOR\" \/><\/td>\n<td class=\"has-text-centered\" data-label=\"Fehler\">0+0+1+0<\/td>\n<td class=\"has-text-centered\" data-label=\"Ergebnis\">+21.7<\/td>\n<\/tr>\n<tr class=\"\" draggable=\"false\">\n<td class=\"has-text-centered\" data-label=\"#\">3<\/td>\n<td class=\"has-text-centered\" data-label=\"Name\">ECKHOFF Tiril<\/td>\n<td class=\"has-text-centered\" data-label=\"Nationalit\u00e4t\"><img decoding=\"async\" class=\"flag\" src=\"https:\/\/wintersport.news\/wp-content\/plugins\/mega-biathlon\/img\/flags\/no.svg\" alt=\"NOR\" \/><\/td>\n<td class=\"has-text-centered\" data-label=\"Fehler\">1+0+1+1<\/td>\n<td class=\"has-text-centered\" data-label=\"Ergebnis\">+23.0<\/td>\n<\/tr>\n<\/tbody>\n<\/table>\n<blockquote><p>I can&#8217;t believe it yet. It&#8217;s just insane what happened today and I&#8217;m trying to enjoy it as much as possible now. It was already a successful season for me, but now I am standing there and I am World Champion.<\/p><\/blockquote>\n<p>Lisa Theresa Hauser<\/p>\n<blockquote><p>I am simply speechless what happened here at the World Championships. Today I wanted to run a good race and now I won the silver medal.<\/p><\/blockquote>\n<p>Ingrid Tandrevold<\/p>\n<blockquote><p>To win a medal at a World Championships with three penalties is somehow a strange feeling.\u00a0It was a very successful World Championships for me and I will remember it with pleasure. But now I have to rest for a few days.<\/p><\/blockquote>\n<p>Tiril Eckhoff<\/p>\n<p>&nbsp;<\/p>\n<h4>Lisa Theresa Hauser ist Weltmeisterin<\/h4>\n<p>Mit einer echten \u00dcberraschung endeten am letzten Tag der Biathlon WM auf der Pokljuka das 12,5 km Massenstartrennen der Damen. Was sich schon in den letzten Wochen im Weltcup angedeutet hatte, best\u00e4tigte sich heute im Traglav Sports Center.\u00a0Bei fr\u00fchlingshaften Temperaturen machte die Tirolerin Lisa Theresa Hauser ihr Meisterst\u00fcck und gewann mit einer Glanzleistung den Weltmeistertitel, blieb viermal fehlerfrei am Schie\u00dfstand und verwies die Konkurrenz am Ende auf die weiteren Medaillenr\u00e4nge.\u00a0Die 27-j\u00e4hrige kr\u00f6nte mit der Goldmedaille ihre bislang einzigartig erfolgreiche Saison und sorgte seit 2009 wieder einmal f\u00fcr einen Weltmeistertitel f\u00fcr die Alpenrepublik.\u00a0F\u00fcr sie war es die dritte Medaille im Zuge der Weltmeisterschaften in Slowenien.\u00a0Stark war auch wieder das Auftreten der Athletinnen aus Norwegen &#8211; mit einem R\u00fcckstand von 21,7 Sekunden auf die neue Weltmeisterin ging die Silbermedaille \u00fcberraschend an Ingrid Landmark Tandrevold knapp vor Ihrer Freundin Tiril Eckhoff, die sich die Bronzemedaille sichern konnte. Titelverteidigerin Marte Olsbu\u00a0R\u00f8iseland auf Rang vier verpasste knapp eine Medaille und konnte ihren Titel aus dem Vorjahr somit nicht verteidigen.\u00a0Beste Deutsche war wieder einmal Franziska Preuss auf dem sechsten Platz.<\/p>\n<div><\/div>\n<div>Ergebnisse 12,5 km Massenstart Damen WM Pokljuka:<\/div>\n<div>\n<table class=\"table is-hoverable\" tabindex=\"0\">\n<tbody>\n<tr class=\"\" draggable=\"false\">\n<td class=\"has-text-centered\" data-label=\"#\">1<\/td>\n<td class=\"has-text-centered\" data-label=\"Name\">HAUSER Lisa Theresa<\/td>\n<td class=\"has-text-centered\" data-label=\"Nationalit\u00e4t\"><img decoding=\"async\" class=\"flag\" src=\"https:\/\/wintersport.news\/wp-content\/plugins\/mega-biathlon\/img\/flags\/at.svg\" alt=\"AUT\" \/><\/td>\n<td class=\"has-text-centered\" data-label=\"Fehler\">0+0+0+0<\/td>\n<td class=\"has-text-centered\" data-label=\"Ergebnis\">36:05.7<\/td>\n<\/tr>\n<tr class=\"\" draggable=\"false\">\n<td class=\"has-text-centered\" data-label=\"#\">2<\/td>\n<td class=\"has-text-centered\" data-label=\"Name\">TANDREVOLD Ingrid Landmark<\/td>\n<td class=\"has-text-centered\" data-label=\"Nationalit\u00e4t\"><img decoding=\"async\" class=\"flag\" src=\"https:\/\/wintersport.news\/wp-content\/plugins\/mega-biathlon\/img\/flags\/no.svg\" alt=\"NOR\" \/><\/td>\n<td class=\"has-text-centered\" data-label=\"Fehler\">0+0+1+0<\/td>\n<td class=\"has-text-centered\" data-label=\"Ergebnis\">+21.7<\/td>\n<\/tr>\n<tr class=\"\" draggable=\"false\">\n<td class=\"has-text-centered\" data-label=\"#\">3<\/td>\n<td class=\"has-text-centered\" data-label=\"Name\">ECKHOFF Tiril<\/td>\n<td class=\"has-text-centered\" data-label=\"Nationalit\u00e4t\"><img decoding=\"async\" class=\"flag\" src=\"https:\/\/wintersport.news\/wp-content\/plugins\/mega-biathlon\/img\/flags\/no.svg\" alt=\"NOR\" \/><\/td>\n<td class=\"has-text-centered\" data-label=\"Fehler\">1+0+1+1<\/td>\n<td class=\"has-text-centered\" data-label=\"Ergebnis\">+23.0<\/td>\n<\/tr>\n<\/tbody>\n<\/table>\n<\/div>\n<div><\/div>\n<div><\/div>\n<blockquote><p>Ich kann es jetzt noch gar nicht glauben. Es ist einfach irrsinnig was heute passiert ist, und versuche das jetzt bestm\u00f6glich zu genie\u00dfen. Es war schon eine erfolgreiche Saison f\u00fcr mich, doch jetzt stehe ich da und bin Weltmeisterin.<\/p><\/blockquote>\n<div>Lisa Theresa Hauser<\/div>\n<div><\/div>\n<blockquote><p>Ich bin einfach sprachlos was hier bei der WM passiert ist. Heute wollte ich ein gutes Rennen laufen, und nun habe ich Silber.<\/p><\/blockquote>\n<div>Ingrid Tandrevold<\/div>\n<div><\/div>\n<blockquote><p>Mit drei Strafrunden noch eine Medaille bei einer WM zu gewinnen ist schon irgendwie ein komisches Gef\u00fchl.\u00a0Es war eine sehr erfolgreiche WM f\u00fcr mich, an die ich mich sehr gerne zur\u00fcck erinnern werde. Jetzt sind aber erstmal ein paar Tage ausruhen angesagt.<\/p><\/blockquote>\n<div><\/div>\n<p>Tiril Eckhoff<\/p>\n<p>&nbsp;<\/p>\n<p>Pictures: K. Voigt Fotografie<\/p>","protected":false},"excerpt":{"rendered":"<p>The women&#8217;s 12.5 km mass start race ended with a real surprise on the last day of the Biathlon World Championships in Pokljuka. What had already been foreshadowed in the last weeks and months in the World Cup was confirmed today in the Traglav Sports Center.\u00a0In spring-like temperatures the Tyrolean Lisa Theresa Hauser made her [&hellip;]<\/p>","protected":false},"author":3,"featured_media":2328,"comment_status":"open","ping_status":"closed","sticky":false,"template":"","format":"standard","meta":{"footnotes":""},"categories":[3],"tags":[6],"class_list":["post-2326","post","type-post","status-publish","format-standard","has-post-thumbnail","hentry","category-news","tag-biathlon"],"_links":{"self":[{"href":"https:\/\/wintersport.news\/en\/wp-json\/wp\/v2\/posts\/2326","targetHints":{"allow":["GET"]}}],"collection":[{"href":"https:\/\/wintersport.news\/en\/wp-json\/wp\/v2\/posts"}],"about":[{"href":"https:\/\/wintersport.news\/en\/wp-json\/wp\/v2\/types\/post"}],"author":[{"embeddable":true,"href":"https:\/\/wintersport.news\/en\/wp-json\/wp\/v2\/users\/3"}],"replies":[{"embeddable":true,"href":"https:\/\/wintersport.news\/en\/wp-json\/wp\/v2\/comments?post=2326"}],"version-history":[{"count":1,"href":"https:\/\/wintersport.news\/en\/wp-json\/wp\/v2\/posts\/2326\/revisions"}],"predecessor-version":[{"id":2329,"href":"https:\/\/wintersport.news\/en\/wp-json\/wp\/v2\/posts\/2326\/revisions\/2329"}],"wp:featuredmedia":[{"embeddable":true,"href":"https:\/\/wintersport.news\/en\/wp-json\/wp\/v2\/media\/2328"}],"wp:attachment":[{"href":"https:\/\/wintersport.news\/en\/wp-json\/wp\/v2\/media?parent=2326"}],"wp:term":[{"taxonomy":"category","embeddable":true,"href":"https:\/\/wintersport.news\/en\/wp-json\/wp\/v2\/categories?post=2326"},{"taxonomy":"post_tag","embeddable":true,"href":"https:\/\/wintersport.news\/en\/wp-json\/wp\/v2\/tags?post=2326"}],"curies":[{"name":"wp","href":"https:\/\/api.w.org\/{rel}","templated":true}]}}