{"id":2142,"date":"2021-01-25T09:44:17","date_gmt":"2021-01-25T09:44:17","guid":{"rendered":"https:\/\/wintersport.news\/?p=2142"},"modified":"2021-01-26T08:37:14","modified_gmt":"2021-01-26T08:37:14","slug":"and-the-winner-is-antholz","status":"publish","type":"post","link":"https:\/\/wintersport.news\/en\/and-the-winner-is-antholz\/","title":{"rendered":"And the winner is\u2026  Antholz"},"content":{"rendered":"<p><strong>Ein Jahr nach der WM pr\u00e4sentieren sich die S\u00fcdtiroler erneut als perfekte Gastgeber<\/strong><\/p>\n<p>Die Frage nach dem eigentlichen, dem wahren Hort des Biathlonsports ist ungef\u00e4hr so leicht zu beantworten wie die Frage, was denn nun zuerst da war \u2013 das Huhn oder das Ei. Es gibt eine Menge Orte, die f\u00fcr sich beanspruchen k\u00f6nnen, ein wahres Biathlon-Mekka zu sein. Ruhpolding beispielsweise \u2013 hier gab es den ersten Weltcup \u00fcberhaupt. Oberhof, weil die Th\u00fcringer zweifellos das gr\u00f6\u00dfte Fanpotential aktivieren k\u00f6nnen. Oslo, weil Skilaufen \u2013 ob mit oder ohne Gewehr \u2013 grunds\u00e4tzlich immer seine Wurzeln im Norden sucht. Oder eben Antholz. Dort traf sich die Familie der Skij\u00e4ger ein knappes Jahr nach den Weltmeisterschaften erneut zum Weltcup.\u00a0 In Sachen Tradition macht den S\u00fcdtirolern wohl keiner was vor. 1971 organisierte man den ersten internationalen Wettkampf unter Leitung von Paul Zingerle, dem zu diesem Zeitpunkt amtierenden Pr\u00e4sidenten des Sportvereins. 1975 gab es zum ersten Mal eine WM im Antholzer Tal und Wiederholungen folgten 1976, 1983, 1994, 2007 und im letzten Jahr. Auch das ist Rekord. Und eigentlich dachten auch die S\u00fcdtiroler, sie seien mit derartig viel Erfahrung nicht mehr zu \u00fcberraschen. Aber einen Weltcup ohne jeden Zuschauer, den hatte es auch in Anterselva \u2013 so wird der Ort in der zweisprachigen norditalienischen Region in der Landessprache bezeichnet \u2013 noch nie gegeben. Aber auch diese H\u00fcrde bew\u00e4ltigten die Gastgeber. Die Strecken waren bestens pr\u00e4pariert, die freiwilligen Helfer hielten hochmotiviert zur Stange, sogar das Wetter spielte mit \u2013 von ein paar Nebelschwaden mal abgesehen. Nur die Stille, die war ungewohnt. Keine Anfeuerung im Stadion, kein Mensch auf der Huberalm oder an den Anstiegen \u2013 f\u00fcr Gastgeber wie Athleten ein Novum. Und alle hoffen darauf, dass es bei dieser Einmaligkeit bleibt. Die fehlende Unterst\u00fctzung des Publikums \u00e4nderte aber nichts an der Dominanz der Favoriten. Die kommen nach wie vor aus mehr als einem Dutzend L\u00e4ndern, allen voran Norwegen. Und die konnten im WM-Ort von 2020 noch einmal in Erinnerungen schwelgen, denn schon bald gibt es neue Titelk\u00e4mpfe, dann auf der Pokljuka-Hochebene in Slowenien.<\/p>\n<figure id=\"attachment_2146\" aria-describedby=\"caption-attachment-2146\" style=\"width: 4000px\" class=\"wp-caption aligncenter\"><img fetchpriority=\"high\" decoding=\"async\" class=\"size-full wp-image-2146\" src=\"https:\/\/wintersport.news\/wp-content\/uploads\/2021\/01\/210122KVe0002.jpg\" alt=\"\" width=\"4000\" height=\"2667\" srcset=\"https:\/\/wintersport.news\/wp-content\/uploads\/2021\/01\/210122KVe0002.jpg 4000w, https:\/\/wintersport.news\/wp-content\/uploads\/2021\/01\/210122KVe0002-150x100.jpg 150w, https:\/\/wintersport.news\/wp-content\/uploads\/2021\/01\/210122KVe0002-300x200.jpg 300w, https:\/\/wintersport.news\/wp-content\/uploads\/2021\/01\/210122KVe0002-768x512.jpg 768w, https:\/\/wintersport.news\/wp-content\/uploads\/2021\/01\/210122KVe0002-1024x683.jpg 1024w, https:\/\/wintersport.news\/wp-content\/uploads\/2021\/01\/210122KVe0002-370x247.jpg 370w, https:\/\/wintersport.news\/wp-content\/uploads\/2021\/01\/210122KVe0002-760x507.jpg 760w\" sizes=\"(max-width: 4000px) 100vw, 4000px\" \/><figcaption id=\"caption-attachment-2146\" class=\"wp-caption-text\">Dorothea Wierer wird Biathletin des Jahres<\/figcaption><\/figure>\n<p>Und f\u00fcr Doppelweltmeisterin Dorothea Wierer gab es an der St\u00e4tte ihrer gr\u00f6\u00dften Erfolge sogar noch eine weitere Auszeichnung. Die Italienerin erhielt den Pokal f\u00fcr die \u201eBiathletin des Jahres\u201c, ausgelobt vom Forum Nordicum, einer Vereinigung von Wintersport-Fachjournalisten. Antholz ist also auch f\u00fcr \u00dcberraschungen gut. Und hofft nun darauf, endlich wieder G\u00e4ste begr\u00fc\u00dfen zu d\u00fcrfen, nicht nur zum Weltcup. Und man freut sich schon jetzt auf das allergr\u00f6\u00dfte Highlight, auf das der Ort in S\u00fcdtirol zusteuert: 2026 ist man Gastgeber der Olympischen Biathlon-Wettbewerbe. Und sp\u00e4testens dann kann man die Frage nach dem wahren Hort der Sportart ja noch mal stellen.<\/p>\n<p>&nbsp;<\/p>\n<p><em>Fotos: K.Voigt Fotografie<\/em><\/p>","protected":false},"excerpt":{"rendered":"<p>Ein Jahr nach der WM pr\u00e4sentieren sich die S\u00fcdtiroler erneut als perfekte Gastgeber Die Frage nach dem eigentlichen, dem wahren Hort des Biathlonsports ist ungef\u00e4hr so leicht zu beantworten wie die Frage, was denn nun zuerst da war \u2013 das Huhn oder das Ei. Es gibt eine Menge Orte, die f\u00fcr sich beanspruchen k\u00f6nnen, ein [&hellip;]<\/p>","protected":false},"author":3,"featured_media":2143,"comment_status":"open","ping_status":"closed","sticky":false,"template":"","format":"standard","meta":{"footnotes":""},"categories":[4,30],"tags":[],"class_list":["post-2142","post","type-post","status-publish","format-standard","has-post-thumbnail","hentry","category-blog","category-blog_wintersport_insights"],"_links":{"self":[{"href":"https:\/\/wintersport.news\/en\/wp-json\/wp\/v2\/posts\/2142","targetHints":{"allow":["GET"]}}],"collection":[{"href":"https:\/\/wintersport.news\/en\/wp-json\/wp\/v2\/posts"}],"about":[{"href":"https:\/\/wintersport.news\/en\/wp-json\/wp\/v2\/types\/post"}],"author":[{"embeddable":true,"href":"https:\/\/wintersport.news\/en\/wp-json\/wp\/v2\/users\/3"}],"replies":[{"embeddable":true,"href":"https:\/\/wintersport.news\/en\/wp-json\/wp\/v2\/comments?post=2142"}],"version-history":[{"count":3,"href":"https:\/\/wintersport.news\/en\/wp-json\/wp\/v2\/posts\/2142\/revisions"}],"predecessor-version":[{"id":2148,"href":"https:\/\/wintersport.news\/en\/wp-json\/wp\/v2\/posts\/2142\/revisions\/2148"}],"wp:featuredmedia":[{"embeddable":true,"href":"https:\/\/wintersport.news\/en\/wp-json\/wp\/v2\/media\/2143"}],"wp:attachment":[{"href":"https:\/\/wintersport.news\/en\/wp-json\/wp\/v2\/media?parent=2142"}],"wp:term":[{"taxonomy":"category","embeddable":true,"href":"https:\/\/wintersport.news\/en\/wp-json\/wp\/v2\/categories?post=2142"},{"taxonomy":"post_tag","embeddable":true,"href":"https:\/\/wintersport.news\/en\/wp-json\/wp\/v2\/tags?post=2142"}],"curies":[{"name":"wp","href":"https:\/\/api.w.org\/{rel}","templated":true}]}}