{"id":2078,"date":"2021-01-17T15:52:51","date_gmt":"2021-01-17T15:52:51","guid":{"rendered":"https:\/\/wintersport.news\/?p=2078"},"modified":"2021-01-17T15:55:09","modified_gmt":"2021-01-17T15:55:09","slug":"massen-starts-in-oberhof","status":"publish","type":"post","link":"https:\/\/wintersport.news\/en\/massen-starts-in-oberhof\/","title":{"rendered":"Massen Starts in Oberhof"},"content":{"rendered":"<p><span style=\"color: #1d1d1d;\"><b>Victory for Tarjei Boe<\/b><\/span><\/p>\n<p>A Norwegian always does it.\u00a0 If not one, the other will win. Tarjei Boe made the second 15 mass start race of the season also his second victory of the season, the eleventh of his career. He was playing all his routine and winning the last men&#8217;s race at the Biathlon World Cup in Oberhof ahead of Felix Leitner from Austria. For him it was the first podium of his career. Surprising was also the third place of Benjamin Weger from Switzerland. Tarjei Boe had to ski one penalty loop, while Leitner and Weger remained flawless, but knew how to fight his way back to his competitors again and again. On the final lap he was able to attack successfully, passed them and did not let them take the victory. World Cup leader Johannes Thingnes Boe made four shooting mistakes and finished seventh. Best DSV athlete Eric Lesser, who was in the leading group for a long time, finished eighth with one penalty loop. Simon Desthieux and Quentin Fillon Mailett collected World Cup points in ninth and tenth place.<\/p>\n<table class=\"table is-hoverable\" tabindex=\"0\">\n<tbody>\n<tr class=\"\" draggable=\"false\">\n<td class=\"has-text-centered\" data-label=\"#\">1<\/td>\n<td class=\"has-text-centered\" data-label=\"Name\">B\u00d6 Tarjei<\/td>\n<td class=\"has-text-centered\" data-label=\"Nationalit\u00e4t\"><img decoding=\"async\" class=\"flag\" src=\"https:\/\/wintersport.news\/wp-content\/plugins\/mega-biathlon\/img\/flags\/no.svg\" alt=\"NOR\" \/><\/td>\n<td class=\"has-text-centered\" data-label=\"Fehler\">0+0+0+1<\/td>\n<td class=\"has-text-centered\" data-label=\"Ergebnis\">37:41.9<\/td>\n<\/tr>\n<tr class=\"\" draggable=\"false\">\n<td class=\"has-text-centered\" data-label=\"#\">2<\/td>\n<td class=\"has-text-centered\" data-label=\"Name\">LEITNER Felix<\/td>\n<td class=\"has-text-centered\" data-label=\"Nationalit\u00e4t\"><img decoding=\"async\" class=\"flag\" src=\"https:\/\/wintersport.news\/wp-content\/plugins\/mega-biathlon\/img\/flags\/at.svg\" alt=\"AUT\" \/><\/td>\n<td class=\"has-text-centered\" data-label=\"Fehler\">0+0+0+0<\/td>\n<td class=\"has-text-centered\" data-label=\"Ergebnis\">+3.6<\/td>\n<\/tr>\n<tr class=\"\" draggable=\"false\">\n<td class=\"has-text-centered\" data-label=\"#\">3<\/td>\n<td class=\"has-text-centered\" data-label=\"Name\">WEGER Benjamin<\/td>\n<td class=\"has-text-centered\" data-label=\"Nationalit\u00e4t\"><img decoding=\"async\" class=\"flag\" src=\"https:\/\/wintersport.news\/wp-content\/plugins\/mega-biathlon\/img\/flags\/ch.svg\" alt=\"SUI\" \/><\/td>\n<td class=\"has-text-centered\" data-label=\"Fehler\">0+0+0+0<\/td>\n<td class=\"has-text-centered\" data-label=\"Ergebnis\">+7.8<\/td>\n<\/tr>\n<\/tbody>\n<\/table>\n<blockquote>\n<div>That was a hard piece of work today. I had to give everything once again. When I was able to catch up again after my penalty loop, I set up my tactics where I wanted to attack. I succeeded in doing that, I was able to gain a lead and take it with me to the finish.&#8220;<\/div>\n<\/blockquote>\n<div>Tarjei Boe<\/div>\n<div><span style=\"color: #ffffff;\">dd<\/span><\/div>\n<div><\/div>\n<div>\n<figure id=\"attachment_2080\" aria-describedby=\"caption-attachment-2080\" style=\"width: 4000px\" class=\"wp-caption aligncenter\"><img fetchpriority=\"high\" decoding=\"async\" class=\"wp-image-2080 size-full\" src=\"https:\/\/wintersport.news\/wp-content\/uploads\/2021\/01\/IMG_0631.jpg\" alt=\"\" width=\"4000\" height=\"2667\" srcset=\"https:\/\/wintersport.news\/wp-content\/uploads\/2021\/01\/IMG_0631.jpg 4000w, https:\/\/wintersport.news\/wp-content\/uploads\/2021\/01\/IMG_0631-150x100.jpg 150w, https:\/\/wintersport.news\/wp-content\/uploads\/2021\/01\/IMG_0631-300x200.jpg 300w, https:\/\/wintersport.news\/wp-content\/uploads\/2021\/01\/IMG_0631-768x512.jpg 768w, https:\/\/wintersport.news\/wp-content\/uploads\/2021\/01\/IMG_0631-1024x683.jpg 1024w, https:\/\/wintersport.news\/wp-content\/uploads\/2021\/01\/IMG_0631-370x247.jpg 370w, https:\/\/wintersport.news\/wp-content\/uploads\/2021\/01\/IMG_0631-760x507.jpg 760w\" sizes=\"(max-width: 4000px) 100vw, 4000px\" \/><figcaption id=\"caption-attachment-2080\" class=\"wp-caption-text\">Podium Massenstart Biathlon Oberhof<\/figcaption><\/figure>\n<\/div>\n<div><\/div>\n<div><strong>Tarjei Boe gewinnt in Oberhof\u00a0<\/strong><\/div>\n<div><\/div>\n<div>Das zweite 15km Massenstart Rennen der Saison machte Tarjei Boe auch zu seinem zweiten Saison Sieg, den elften seiner Karriere. Er spielte all seine ganze Routine aus und gewann das letzte Herrenrennen beim Biathlon Weltcup in Oberhof vor Felix Leitner aus \u00d6sterreich. F\u00fcr ihn war es das erste Podium seiner Laufbahn. \u00dcberraschend war auch der dritte Platz von Benjamin Weger aus der Schweiz. Tarjei Boe musste einmal in die Strafrunde, w\u00e4hrend Leitner und Weger fehlerfrei blieben, wusste sich aber immer wieder an seine Konkurrenten heranzuk\u00e4mpfen. Auf der Schlu\u00dfrunde \u00a0konnte er erfolgreich attackieren, zog vorbei und lie\u00df sich den Sieg nicht mehr nehmen.Der Weltcup F\u00fchrende Johannes Thingnes Boe leistete sich vier Schie\u00dffehler und belegte Platz sieben. Bester DSV- Athlet Eric Lesser, lange in der Spitzengruppe, wurde mit einer Strafrunde Achter. F\u00fcr Simon Desthieux und Quentin Fillon Mailett gab es mit Platz neun und zehn Weltcuppunkte der Top 10.<\/div>\n<div><\/div>\n<div>\n<p>&nbsp;<\/p>\n<figure id=\"attachment_2081\" aria-describedby=\"caption-attachment-2081\" style=\"width: 4000px\" class=\"wp-caption aligncenter\"><img decoding=\"async\" class=\"wp-image-2081 size-full\" src=\"https:\/\/wintersport.news\/wp-content\/uploads\/2021\/01\/IMG_0679.jpg\" alt=\"\" width=\"4000\" height=\"2667\" srcset=\"https:\/\/wintersport.news\/wp-content\/uploads\/2021\/01\/IMG_0679.jpg 4000w, https:\/\/wintersport.news\/wp-content\/uploads\/2021\/01\/IMG_0679-150x100.jpg 150w, https:\/\/wintersport.news\/wp-content\/uploads\/2021\/01\/IMG_0679-300x200.jpg 300w, https:\/\/wintersport.news\/wp-content\/uploads\/2021\/01\/IMG_0679-768x512.jpg 768w, https:\/\/wintersport.news\/wp-content\/uploads\/2021\/01\/IMG_0679-1024x683.jpg 1024w, https:\/\/wintersport.news\/wp-content\/uploads\/2021\/01\/IMG_0679-370x247.jpg 370w, https:\/\/wintersport.news\/wp-content\/uploads\/2021\/01\/IMG_0679-760x507.jpg 760w\" sizes=\"(max-width: 4000px) 100vw, 4000px\" \/><figcaption id=\"caption-attachment-2081\" class=\"wp-caption-text\">Podest, Damen Massen Start Oberhof<\/figcaption><\/figure>\n<\/div>\n<p>&nbsp;<\/p>\n<p><strong>Julia Simon wins the women mass start<\/strong><\/p>\n<p>No one had her in mind. Julia Simon. She came, fought and won despite three penalty loops in the 12.5 km mass start in the last World Cup race at the Rennsteig in Oberhof. She was completely exhausted at the finish line, but overjoyed about her second World Cup victory of her career. The fierce Frenchwoman was still eleventh before the last shooting, completed a fast and faultless last shooting and ran to first place. Franziska Preuss of the DSV can also be satisfied with her second place on the podium. The fight for third place was won by Hanna Oeberg in sprint against Ingrid Tandrevold. Marte Olsbu in seventh place, Tiril Eckhoff in eighth place and Justine Braisaz in ninth place leave for Antholz among the top 10.<\/p>\n<table class=\"table is-hoverable\" tabindex=\"0\">\n<tbody>\n<tr class=\"\" draggable=\"false\">\n<td class=\"has-text-centered\" data-label=\"#\">1<\/td>\n<td class=\"has-text-centered\" data-label=\"Name\">SIMON Julia<\/td>\n<td class=\"has-text-centered\" data-label=\"Nationalit\u00e4t\"><img decoding=\"async\" class=\"flag\" src=\"https:\/\/wintersport.news\/wp-content\/plugins\/mega-biathlon\/img\/flags\/fr.svg\" alt=\"FRA\" \/><\/td>\n<td class=\"has-text-centered\" data-label=\"Fehler\">0+1+2+0<\/td>\n<td class=\"has-text-centered\" data-label=\"Ergebnis\">40:11.1<\/td>\n<\/tr>\n<tr class=\"\" draggable=\"false\">\n<td class=\"has-text-centered\" data-label=\"#\">2<\/td>\n<td class=\"has-text-centered\" data-label=\"Name\">PREUSS Franziska<\/td>\n<td class=\"has-text-centered\" data-label=\"Nationalit\u00e4t\"><img decoding=\"async\" class=\"flag\" src=\"https:\/\/wintersport.news\/wp-content\/plugins\/mega-biathlon\/img\/flags\/de.svg\" alt=\"GER\" \/><\/td>\n<td class=\"has-text-centered\" data-label=\"Fehler\">1+0+1+0<\/td>\n<td class=\"has-text-centered\" data-label=\"Ergebnis\">+3.9<\/td>\n<\/tr>\n<tr class=\"\" draggable=\"false\">\n<td class=\"has-text-centered\" data-label=\"#\">3<\/td>\n<td class=\"has-text-centered\" data-label=\"Name\">OEBERG Hanna<\/td>\n<td class=\"has-text-centered\" data-label=\"Nationalit\u00e4t\"><img decoding=\"async\" class=\"flag\" src=\"https:\/\/wintersport.news\/wp-content\/plugins\/mega-biathlon\/img\/flags\/se.svg\" alt=\"SWE\" \/><\/td>\n<td class=\"has-text-centered\" data-label=\"Fehler\">1+0+1+1<\/td>\n<td class=\"has-text-centered\" data-label=\"Ergebnis\">+11.7<\/td>\n<\/tr>\n<\/tbody>\n<\/table>\n<div><\/div>\n<blockquote>\n<div>I started well into the race and didn&#8217;t let my penalty loops throw me out of my rhythm. My last shooting today was the preliminary decision, but I still had enough power to bring home the victory. Now I have to recover, because the race took a lot of energy. But I am overjoyed.&#8220;<\/div>\n<\/blockquote>\n<div>Julia Simon<\/div>\n<div><span style=\"color: #ffffff;\">gggg<\/span><\/div>\n<div><span style=\"color: #ffffff;\">gg<\/span><\/div>\n<div><\/div>\n<div><b>Julia Simon siegt im Massenstart<\/b><\/div>\n<div>\n<p>Keiner hatte sie auf der Rechnung. Julia Simon. Sie kam, k\u00e4mpfte und siegte trotz dreier Strafrunden im 12,5 Km Massenstart im letzen Weltcup Rennen am Rennsteig in Oberhof. V\u00f6llig ersch\u00f6pft lag sie im Ziel, jedoch \u00fcbergl\u00fccklich \u00fcber ihren zweiten Weltcup Sieg ihrer Karriere. Die k\u00e4mpferisch sehr starke Franz\u00f6sin vor dem letzten Schie\u00dfen noch Elfte, absolvierte ein schnelles und fehlerfreies letztes Schie\u00dfen und \u00a0preschte noch auf Platz eins nach vorne. Zufrieden kann auch Franziska Preuss vom DSV sein, die \u00a0als zweite auf dem Podest Platz nimmt. Den Kampf um Platz drei entscheidet Hanna Oeberg im Sprint gegen Ingrid Tandrevold f\u00fcr sich.<\/p>\n<div>Marte Olsbu auf Platz sieben, Tiril Eckhoff als Achte und Justine Braisaz als Neuntplatzierte verabschieden sich unter den Top 10 Richtung Antholz.<\/div>\n<\/div>\n<div><\/div>\n<div><\/div>\n<div>\n<blockquote>\n<div>Ich bin gut ins Rennen gekommen und habe mich durch meine Strafrunden nicht aus dem Rhythmus bringen lassen. Mein letztes Schie\u00dfen heute war die Vorentscheidung, ich hatte aber noch gen\u00fcgend Kraft den Sieg nach Hause zu bringen. Jetzt muss ich mich erstmal erholen, denn das Rennen hat ziemlich Kraft gekostet.<\/div>\n<div>Ich bin \u00fcbergl\u00fccklich.\u201c<\/div>\n<\/blockquote>\n<\/div>\n<div>Julia Simon<\/div>\n<div><\/div>\n<div>Fotos: K. Voigt Fotografie<\/div>\n<div><\/div>\n<div><\/div>\n<div style=\"text-align: center;\"><\/div>","protected":false},"excerpt":{"rendered":"<p>Victory for Tarjei Boe A Norwegian always does it.\u00a0 If not one, the other will win. Tarjei Boe made the second 15 mass start race of the season also his second victory of the season, the eleventh of his career. He was playing all his routine and winning the last men&#8217;s race at the Biathlon [&hellip;]<\/p>","protected":false},"author":3,"featured_media":2079,"comment_status":"open","ping_status":"closed","sticky":false,"template":"","format":"standard","meta":{"footnotes":""},"categories":[3],"tags":[],"class_list":["post-2078","post","type-post","status-publish","format-standard","has-post-thumbnail","hentry","category-news"],"_links":{"self":[{"href":"https:\/\/wintersport.news\/en\/wp-json\/wp\/v2\/posts\/2078","targetHints":{"allow":["GET"]}}],"collection":[{"href":"https:\/\/wintersport.news\/en\/wp-json\/wp\/v2\/posts"}],"about":[{"href":"https:\/\/wintersport.news\/en\/wp-json\/wp\/v2\/types\/post"}],"author":[{"embeddable":true,"href":"https:\/\/wintersport.news\/en\/wp-json\/wp\/v2\/users\/3"}],"replies":[{"embeddable":true,"href":"https:\/\/wintersport.news\/en\/wp-json\/wp\/v2\/comments?post=2078"}],"version-history":[{"count":4,"href":"https:\/\/wintersport.news\/en\/wp-json\/wp\/v2\/posts\/2078\/revisions"}],"predecessor-version":[{"id":2085,"href":"https:\/\/wintersport.news\/en\/wp-json\/wp\/v2\/posts\/2078\/revisions\/2085"}],"wp:featuredmedia":[{"embeddable":true,"href":"https:\/\/wintersport.news\/en\/wp-json\/wp\/v2\/media\/2079"}],"wp:attachment":[{"href":"https:\/\/wintersport.news\/en\/wp-json\/wp\/v2\/media?parent=2078"}],"wp:term":[{"taxonomy":"category","embeddable":true,"href":"https:\/\/wintersport.news\/en\/wp-json\/wp\/v2\/categories?post=2078"},{"taxonomy":"post_tag","embeddable":true,"href":"https:\/\/wintersport.news\/en\/wp-json\/wp\/v2\/tags?post=2078"}],"curies":[{"name":"wp","href":"https:\/\/api.w.org\/{rel}","templated":true}]}}