{"id":2019,"date":"2021-01-10T12:46:24","date_gmt":"2021-01-10T12:46:24","guid":{"rendered":"https:\/\/wintersport.news\/?p=2019"},"modified":"2021-01-10T12:46:24","modified_gmt":"2021-01-10T12:46:24","slug":"russischer-staffelsieg-am-rennsteig","status":"publish","type":"post","link":"https:\/\/wintersport.news\/en\/russischer-staffelsieg-am-rennsteig\/","title":{"rendered":"Russischer Staffelsieg am Rennsteig"},"content":{"rendered":"<p>Das russische Team knackt im 4&#215;6 km Mixed Staffelrennen am Rennsteig in Oberhof am letzten Tag der ersten Biathlon Weltcup Woche 2021 die Siegesserie der Norweger.\u00a0Erst auf den letzten Metern der Ziellinie musste sich der Norwegische Shootingstar\u00a0Sturla Holm Laegreid im Schlusssprint seinem Konkurrenten Eduard Lapytov knapp geschlagen geben. Im Zielsprint schenkten sich die beiden Schlussl\u00e4ufer aus Norwegen und Russland nichts &#8211; am Ende entscheiden wenige Zentimeter \u00fcber Sieg und Niederlage zu Gunsten der russischen Staffel um Alexander Loginov. Das erste Staffelrennen an diesem Tag fiel denkbar knapp aus, Spannung pur bis zum Schluss. Frankreichs Schlussl\u00e4ufer Quentin Fillon Maillet war unmittelbar nach dem letzten Schie\u00dfen noch auf Siegeskurs, konnte jedoch nicht mit Laegreid und Lapitov mithalten. Somit sicherte sich die franz\u00f6sische Staffel Platz drei und komplettierte das Siegerpodest. Eine Strafrunde von Arnd Peiffer beim letzten Schie\u00dfen kostete der DSV-Staffel einen\u00a0Podestplatz. Das deutsche Quartett belegte den f\u00fcnften Platz.<\/p>\n<p>&nbsp;<\/p>\n<div>\n<table class=\"table is-hoverable\" tabindex=\"0\">\n<tbody>\n<tr class=\"\" draggable=\"false\">\n<td class=\"has-text-centered\" data-label=\"#\">1<\/td>\n<td class=\"has-text-centered\" data-label=\"Name\">RUSSIA<\/td>\n<td class=\"has-text-centered\" data-label=\"Nationalit\u00e4t\"><img decoding=\"async\" class=\"flag\" src=\"https:\/\/wintersport.news\/wp-content\/plugins\/mega-biathlon\/img\/flags\/ru.svg\" alt=\"RUS\" \/><\/td>\n<td class=\"has-text-centered\" data-label=\"Fehler\">0+3 0+4<\/td>\n<td class=\"has-text-centered\" data-label=\"Ergebnis\">1:08:21.7<\/td>\n<\/tr>\n<\/tbody>\n<\/table>\n<\/div>\n<div>\n<table class=\"table is-hoverable\" tabindex=\"0\">\n<tbody>\n<tr class=\"\" draggable=\"false\">\n<td class=\"has-text-centered\" data-label=\"#\">2<\/td>\n<td class=\"has-text-centered\" data-label=\"Name\">NORWAY<\/td>\n<td class=\"has-text-centered\" data-label=\"Nationalit\u00e4t\"><img decoding=\"async\" class=\"flag\" src=\"https:\/\/wintersport.news\/wp-content\/plugins\/mega-biathlon\/img\/flags\/no.svg\" alt=\"NOR\" \/><\/td>\n<td class=\"has-text-centered\" data-label=\"Fehler\">0+3 0+4<\/td>\n<td class=\"has-text-centered\" data-label=\"Ergebnis\">+0.7<\/td>\n<\/tr>\n<\/tbody>\n<\/table>\n<\/div>\n<div>\n<table class=\"table is-hoverable\" tabindex=\"0\">\n<tbody>\n<tr class=\"\" draggable=\"false\">\n<td class=\"has-text-centered\" data-label=\"#\">3<\/td>\n<td class=\"has-text-centered\" data-label=\"Name\">FRANCE<\/td>\n<td class=\"has-text-centered\" data-label=\"Nationalit\u00e4t\"><img decoding=\"async\" class=\"flag\" src=\"https:\/\/wintersport.news\/wp-content\/plugins\/mega-biathlon\/img\/flags\/fr.svg\" alt=\"FRA\" \/><\/td>\n<td class=\"has-text-centered\" data-label=\"Fehler\">0+2 0+4<\/td>\n<td class=\"has-text-centered\" data-label=\"Ergebnis\">+12.1<\/td>\n<\/tr>\n<\/tbody>\n<\/table>\n<\/div>\n<div><\/div>\n<div><\/div>\n<blockquote><p>Dieser Sieg tut uns allen sehr gut. Wir sind anfangs etwas schlecht ins Rennen gestartet, konnten uns dann aber Runde um Runde mit vorne festsetzen und freuen uns heute \u00fcber unserem Sieg, wenn er auch sehr knapp war.<\/p><\/blockquote>\n<div>Alexander Loginov<\/div>\n<div><\/div>\n<blockquote><p>Ich habe zu fr\u00fch angegriffen, bis zum Schluss aber alles gegeben. Die Rennen hier haben viel Kraft gekostet und es ist nat\u00fcrlich schade, dass es nicht zu Platz eins gereicht hat.<\/p><\/blockquote>\n<div>Sturla Holm Laegreid<\/div>\n<div><\/div>\n<div><\/div>\n<blockquote><p>Das war Spannung pur bis zum Schluss. Wir sind mit unserem dritten Platz heute sehr happy und zufrieden.<\/p><\/blockquote>\n<div>Justine Braisaz-Bouchet<\/div>\n<div><\/div>\n<div><\/div>\n<div>Picture: K. Voigt Fotografie<\/div>","protected":false},"excerpt":{"rendered":"<p>Das russische Team knackt im 4&#215;6 km Mixed Staffelrennen am Rennsteig in Oberhof am letzten Tag der ersten Biathlon Weltcup Woche 2021 die Siegesserie der Norweger.\u00a0Erst auf den letzten Metern der Ziellinie musste sich der Norwegische Shootingstar\u00a0Sturla Holm Laegreid im Schlusssprint seinem Konkurrenten Eduard Lapytov knapp geschlagen geben. Im Zielsprint schenkten sich die beiden Schlussl\u00e4ufer [&hellip;]<\/p>","protected":false},"author":3,"featured_media":2020,"comment_status":"open","ping_status":"closed","sticky":false,"template":"","format":"standard","meta":{"footnotes":""},"categories":[3],"tags":[6],"class_list":["post-2019","post","type-post","status-publish","format-standard","has-post-thumbnail","hentry","category-news","tag-biathlon"],"_links":{"self":[{"href":"https:\/\/wintersport.news\/en\/wp-json\/wp\/v2\/posts\/2019","targetHints":{"allow":["GET"]}}],"collection":[{"href":"https:\/\/wintersport.news\/en\/wp-json\/wp\/v2\/posts"}],"about":[{"href":"https:\/\/wintersport.news\/en\/wp-json\/wp\/v2\/types\/post"}],"author":[{"embeddable":true,"href":"https:\/\/wintersport.news\/en\/wp-json\/wp\/v2\/users\/3"}],"replies":[{"embeddable":true,"href":"https:\/\/wintersport.news\/en\/wp-json\/wp\/v2\/comments?post=2019"}],"version-history":[{"count":1,"href":"https:\/\/wintersport.news\/en\/wp-json\/wp\/v2\/posts\/2019\/revisions"}],"predecessor-version":[{"id":2021,"href":"https:\/\/wintersport.news\/en\/wp-json\/wp\/v2\/posts\/2019\/revisions\/2021"}],"wp:featuredmedia":[{"embeddable":true,"href":"https:\/\/wintersport.news\/en\/wp-json\/wp\/v2\/media\/2020"}],"wp:attachment":[{"href":"https:\/\/wintersport.news\/en\/wp-json\/wp\/v2\/media?parent=2019"}],"wp:term":[{"taxonomy":"category","embeddable":true,"href":"https:\/\/wintersport.news\/en\/wp-json\/wp\/v2\/categories?post=2019"},{"taxonomy":"post_tag","embeddable":true,"href":"https:\/\/wintersport.news\/en\/wp-json\/wp\/v2\/tags?post=2019"}],"curies":[{"name":"wp","href":"https:\/\/api.w.org\/{rel}","templated":true}]}}