{"id":1980,"date":"2021-01-06T20:26:45","date_gmt":"2021-01-06T20:26:45","guid":{"rendered":"https:\/\/wintersport.news\/?p=1980"},"modified":"2021-01-06T20:26:45","modified_gmt":"2021-01-06T20:26:45","slug":"koenig-kamil-gewinnt-die-69-vierschanzentournee","status":"publish","type":"post","link":"https:\/\/wintersport.news\/en\/koenig-kamil-gewinnt-die-69-vierschanzentournee\/","title":{"rendered":"K\u00f6nig Kamil gewinnt die 69. Vierschanzentournee"},"content":{"rendered":"<p>Kamil Stoch konnte zum dritten Mal die Vierschanzentournee f\u00fcr sich entscheiden. Mit seinem Sieg beim letzten Springen in Bischofshofen sicherte sich der Pole auch den Sieg in der Gesamtwertung, mit insgesamt 1110,6 Punkten und somit deutlichem Vorsprung vor dem Deutschen Karl Geiger (1062,5) und seinem Landsmann Dawid Kubacki (1057,8).<\/p>\n<p>Die polnischen Springer zeigten bei der Vierschanzentournee eindr\u00fccklich, dass sie zur absoluten Skisprung-Elite geh\u00f6ren und wie wichtig ihre Teilnahme bei dieser Tournee war. Denn kurz vor dem ersten Springen in Oberstdorf wurde bekannt gegeben, dass die Polen von der Tournee ausgeschlossen werden sollen. Mit \u00dcberzeugung und negativen Tests wurden die Athleten doch noch zugelassen, sodass s\u00e4mtliche Topathleten starten durften. Ein Gl\u00fcck, denn ohne ein Teil der Weltspitze w\u00e4re die Tournee bei weitem nicht so spannend gewesen.<\/p>\n<p>In der Gesamtwertung der Vierschanzentournee wusste neben den Polen auch der Norweger Halvor Egner Granerud zu \u00fcberzeugen, seine Topform der ersten beiden Springen konnte er jedoch in Innsbruck und Bischofshofen nicht mehr abrufen. In der Gesamtwertung landet er somit auf Rang 4, vor den beiden Polen Piotr Zyla und Andzej Stekala.<\/p>\n<p>Beim Springen in Bischofshofen zeigte auch Marius Lindvik aus Norwegen seine Klasse und sprang auf den zweiten Platz. Der Vorjahressieger der Vierschanzentournee konnte aufgrund einer Kieferoperation jedoch nicht an allen Springen der Tournee teilnehmen, weshalb er in den Ausgang der Gesamtwertung nicht eingreifen konnte. Bester Deutscher wurde Karl Geiger auf dem dritten Rang.<\/p>\n<p>&nbsp;<\/p>\n<p>&nbsp;<\/p>","protected":false},"excerpt":{"rendered":"<p>Kamil Stoch konnte zum dritten Mal die Vierschanzentournee f\u00fcr sich entscheiden. Mit seinem Sieg beim letzten Springen in Bischofshofen sicherte sich der Pole auch den Sieg in der Gesamtwertung, mit insgesamt 1110,6 Punkten und somit deutlichem Vorsprung vor dem Deutschen Karl Geiger (1062,5) und seinem Landsmann Dawid Kubacki (1057,8). Die polnischen Springer zeigten bei der [&hellip;]<\/p>","protected":false},"author":3,"featured_media":1981,"comment_status":"open","ping_status":"closed","sticky":false,"template":"","format":"standard","meta":{"footnotes":""},"categories":[3],"tags":[7],"class_list":["post-1980","post","type-post","status-publish","format-standard","has-post-thumbnail","hentry","category-news","tag-skispringen"],"_links":{"self":[{"href":"https:\/\/wintersport.news\/en\/wp-json\/wp\/v2\/posts\/1980","targetHints":{"allow":["GET"]}}],"collection":[{"href":"https:\/\/wintersport.news\/en\/wp-json\/wp\/v2\/posts"}],"about":[{"href":"https:\/\/wintersport.news\/en\/wp-json\/wp\/v2\/types\/post"}],"author":[{"embeddable":true,"href":"https:\/\/wintersport.news\/en\/wp-json\/wp\/v2\/users\/3"}],"replies":[{"embeddable":true,"href":"https:\/\/wintersport.news\/en\/wp-json\/wp\/v2\/comments?post=1980"}],"version-history":[{"count":1,"href":"https:\/\/wintersport.news\/en\/wp-json\/wp\/v2\/posts\/1980\/revisions"}],"predecessor-version":[{"id":1982,"href":"https:\/\/wintersport.news\/en\/wp-json\/wp\/v2\/posts\/1980\/revisions\/1982"}],"wp:featuredmedia":[{"embeddable":true,"href":"https:\/\/wintersport.news\/en\/wp-json\/wp\/v2\/media\/1981"}],"wp:attachment":[{"href":"https:\/\/wintersport.news\/en\/wp-json\/wp\/v2\/media?parent=1980"}],"wp:term":[{"taxonomy":"category","embeddable":true,"href":"https:\/\/wintersport.news\/en\/wp-json\/wp\/v2\/categories?post=1980"},{"taxonomy":"post_tag","embeddable":true,"href":"https:\/\/wintersport.news\/en\/wp-json\/wp\/v2\/tags?post=1980"}],"curies":[{"name":"wp","href":"https:\/\/api.w.org\/{rel}","templated":true}]}}