{"id":1928,"date":"2020-12-22T07:51:18","date_gmt":"2020-12-22T07:51:18","guid":{"rendered":"https:\/\/wintersport.news\/?p=1928"},"modified":"2020-12-22T07:58:15","modified_gmt":"2020-12-22T07:58:15","slug":"lueckenschluss-der-skispringerinnen","status":"publish","type":"post","link":"https:\/\/wintersport.news\/en\/lueckenschluss-der-skispringerinnen\/","title":{"rendered":"L\u00fcckenschluss der Skispringerinnen"},"content":{"rendered":"<p>Es war im Februar 2009, da pilgerten viele Interessierte an die Skisprungschanze von Liberec. Eine WM-Entscheidung stand an, eine ganz besondere zudem, denn zum ersten Mal sollten Gold, Silber und Bronze beim Skispringen der Frauen vergeben werden. Und das Publikum erlebte einen spannenden Wettkampf mit der neuen und damit ersten Weltmeisterin Lindsey Van aus den USA, Silbermedaillengewinnerin Ulrike Gr\u00e4\u00dfler aus Deutschland und Anette Sagen aus Norwegen, die Dritte wurde. Was noch auffiel \u2013 es gab reichlich ein Dutzend Top-Athletinnen, danach riss das Niveau etwas ab.<\/p>\n<p>Dezember 2020, Ramsau. Nein, eine WM gab es hier nicht, die hatte in der Steiermark schon 1999 Station gemacht. Aber eine Weltpremiere. Denn die Nordischen Kombiniererinnen absolvierten zum ersten Mal einen Weltcup \u2013 im Gegensatz zu den Springerinnen fast 12 Jahre zuvor hatte der Weltverband FIS n\u00e4mlich daf\u00fcr gesorgt, dass die neue Disziplin nicht gleich mit einer WM-Entscheidung auf der gro\u00dfen B\u00fchne des Weltsports erschien. Und wie 2009 im Isargebirge so war auch anno 2020 am Fu\u00dfe des Dachsteingletschers zu sehen: An der Spitze des Feldes tummelten sich nat\u00fcrlich viele Top-Athletinnen, weiter hinten war das Niveau noch gew\u00f6hnungsbed\u00fcrftig.<\/p>\n<p>Das ist bei neuen Sportarten und Disziplinen aber normal. Und ein Blick auf den Skisprung-Weltcup der Frauen, der noch am gleichen Tag in Ramsau stattfand, zeigt die hohe Dynamik in der Entwicklung, denn inzwischen unterscheiden sich die Wettbewerbe der Spezialspringer bei M\u00e4nnern und Frauen wenn \u00fcberhaupt, dann nur noch durch die L\u00e4nge des gew\u00e4hlten Anlaufs. Und so darf man auch in der Nordischen Kombination darauf setzen, dass in den n\u00e4chsten Jahren mehr als die in Ramsau anwesenden neun Nationen am Weltcup teilnehmen wollen und werden. \u00dcbrigens: Auch in bei den Kombiniererinnen setzte eine Amerikanerin die erste Duftmarke: Tara Geraghty-Moats gewann vor Gyda Westwold-Hansen aus Norwegen und Anju Nakamura, die kommt aus Japan. Die Deutschen landeten im geschlagenen Feld und waren dennoch gl\u00fccklich, denn sie sind jetzt endlich mittendrin im Weltcupzirkus und bis zur Heim-WM in Oberstdorf bleibt noch ausreichend Zeit, um Defizite im Springen und Laufen aufholen zu k\u00f6nnen. Denn im Allg\u00e4u wartet die n\u00e4chste und vorletzte Premiere auf die Damen: Eine Weltmeisterschaftskonkurrenz. 12 Jahre nach Liberec, 97 Jahre nachdem die M\u00e4nner bei der Olympiapremiere in Chamonix 1924 zu ersten Mal die Champions im Winterzweikampf aus Laufen und Springen k\u00fcrten. Bis diese letzte olympische L\u00fccke geschlossen wird, werden aber wohl noch 5 Jahre dauern, denn f\u00fcr Peking ist die Nordische Kombination der Frauen nicht vorgesehen und deshalb wird es die letzte Premiere wohl erst 2026 bei den Spielen in Mailand geben.<\/p>","protected":false},"excerpt":{"rendered":"<p>Es war im Februar 2009, da pilgerten viele Interessierte an die Skisprungschanze von Liberec. Eine WM-Entscheidung stand an, eine ganz besondere zudem, denn zum ersten Mal sollten Gold, Silber und Bronze beim Skispringen der Frauen vergeben werden. Und das Publikum erlebte einen spannenden Wettkampf mit der neuen und damit ersten Weltmeisterin Lindsey Van aus den [&hellip;]<\/p>","protected":false},"author":3,"featured_media":1929,"comment_status":"open","ping_status":"closed","sticky":false,"template":"","format":"standard","meta":{"footnotes":""},"categories":[4,30],"tags":[],"class_list":["post-1928","post","type-post","status-publish","format-standard","has-post-thumbnail","hentry","category-blog","category-blog_wintersport_insights"],"_links":{"self":[{"href":"https:\/\/wintersport.news\/en\/wp-json\/wp\/v2\/posts\/1928","targetHints":{"allow":["GET"]}}],"collection":[{"href":"https:\/\/wintersport.news\/en\/wp-json\/wp\/v2\/posts"}],"about":[{"href":"https:\/\/wintersport.news\/en\/wp-json\/wp\/v2\/types\/post"}],"author":[{"embeddable":true,"href":"https:\/\/wintersport.news\/en\/wp-json\/wp\/v2\/users\/3"}],"replies":[{"embeddable":true,"href":"https:\/\/wintersport.news\/en\/wp-json\/wp\/v2\/comments?post=1928"}],"version-history":[{"count":1,"href":"https:\/\/wintersport.news\/en\/wp-json\/wp\/v2\/posts\/1928\/revisions"}],"predecessor-version":[{"id":1930,"href":"https:\/\/wintersport.news\/en\/wp-json\/wp\/v2\/posts\/1928\/revisions\/1930"}],"wp:featuredmedia":[{"embeddable":true,"href":"https:\/\/wintersport.news\/en\/wp-json\/wp\/v2\/media\/1929"}],"wp:attachment":[{"href":"https:\/\/wintersport.news\/en\/wp-json\/wp\/v2\/media?parent=1928"}],"wp:term":[{"taxonomy":"category","embeddable":true,"href":"https:\/\/wintersport.news\/en\/wp-json\/wp\/v2\/categories?post=1928"},{"taxonomy":"post_tag","embeddable":true,"href":"https:\/\/wintersport.news\/en\/wp-json\/wp\/v2\/tags?post=1928"}],"curies":[{"name":"wp","href":"https:\/\/api.w.org\/{rel}","templated":true}]}}