{"id":1915,"date":"2020-12-20T21:01:35","date_gmt":"2020-12-20T21:01:35","guid":{"rendered":"https:\/\/wintersport.news\/?p=1915"},"modified":"2020-12-20T21:01:35","modified_gmt":"2020-12-20T21:01:35","slug":"peiffer-gewinnt-massenstart-in-hochfilzen","status":"publish","type":"post","link":"https:\/\/wintersport.news\/en\/peiffer-gewinnt-massenstart-in-hochfilzen\/","title":{"rendered":"Peiffer gewinnt Massenstart in Hochfilzen"},"content":{"rendered":"<p>Arnd Peiffer hat den ersten Massenstart der Saison und das letze Herrenrennen in diesem Jahr gewonnen. Der Sprint-Olympiasieger und Ex-Weltmeister gewann das 15 Km Rennen vor dem Schweden Martin Ponsiluoma sowie Tarjei Boe. Peiffer legte den Grundstein mit einem fehlerfreien Schie\u00dfen, und behielt die Oberhand gegen\u00fcber Ponsiluoma und Tarjei Boe, die jeweils einmal in die Strafrunde mussten. Benedikt Doll landete auf dem vierten Platz. Der lange f\u00fchrende Shootingstar Sturla Holm Laegreid vergab den sicheren Sieg mit seinem letzten Schuss, musste ebenfalls einmal in die Strafrunde und schloss das Rennen als 6.ab. JTB zeigte einmal mehr im Stehendanschlag Schw\u00e4chen und belegte Platz 7. F\u00fcr Quentin Fillon Maillet auf Platz 9 und Alexander Loginov gab es noch Top 10 Resultate.<\/p>\n<p>&nbsp;<\/p>\n<table class=\"table is-hoverable\" tabindex=\"0\">\n<tbody>\n<tr class=\"\" draggable=\"false\">\n<td class=\"has-text-centered\" data-label=\"#\">1<\/td>\n<td class=\"has-text-centered\" data-label=\"Name\">PEIFFER Arnd<\/td>\n<td class=\"has-text-centered\" data-label=\"Nationalit\u00e4t\"><img decoding=\"async\" class=\"flag\" src=\"https:\/\/wintersport.news\/wp-content\/plugins\/mega-biathlon\/img\/flags\/de.svg\" alt=\"GER\" \/><\/td>\n<td class=\"has-text-centered\" data-label=\"Fehler\">0+0+0+0<\/td>\n<td class=\"has-text-centered\" data-label=\"Ergebnis\">35:53.3<\/td>\n<\/tr>\n<tr class=\"\" draggable=\"false\">\n<td class=\"has-text-centered\" data-label=\"#\">2<\/td>\n<td class=\"has-text-centered\" data-label=\"Name\">PONSILUOMA Martin<\/td>\n<td class=\"has-text-centered\" data-label=\"Nationalit\u00e4t\"><img decoding=\"async\" class=\"flag\" src=\"https:\/\/wintersport.news\/wp-content\/plugins\/mega-biathlon\/img\/flags\/se.svg\" alt=\"SWE\" \/><\/td>\n<td class=\"has-text-centered\" data-label=\"Fehler\">1+0+0+0<\/td>\n<td class=\"has-text-centered\" data-label=\"Ergebnis\">+1.3<\/td>\n<\/tr>\n<tr class=\"\" draggable=\"false\">\n<td class=\"has-text-centered\" data-label=\"#\">3<\/td>\n<td class=\"has-text-centered\" data-label=\"Name\">B\u00d6 Tarjei<\/td>\n<td class=\"has-text-centered\" data-label=\"Nationalit\u00e4t\"><img decoding=\"async\" class=\"flag\" src=\"https:\/\/wintersport.news\/wp-content\/plugins\/mega-biathlon\/img\/flags\/no.svg\" alt=\"NOR\" \/><\/td>\n<td class=\"has-text-centered\" data-label=\"Fehler\">0+0+1+0<\/td>\n<td class=\"has-text-centered\" data-label=\"Ergebnis\">+9.3<\/td>\n<\/tr>\n<\/tbody>\n<\/table>\n<blockquote><p>Ich habe auf dem Ziellinie einfach durchgezogen, Gottseidank hat es zum Sieg gereicht, obwohl es sehr knapp war. Ein sch\u00f6nes Weihnachtsgeschenk. Jetzt freue ich mich aber auf zu Hause.\u201c<\/p><\/blockquote>\n<p>Arnd Peiffer<\/p>\n<blockquote><p>Ich konnte mich im Laufe des Rennens wieder an das F\u00fchrungstrio rank\u00e4mpfen, und bin mit Platz drei sehr zufrieden. Hochfilzen war ein erfolgreiches Pflaster f\u00fcr uns.\u201c<\/p><\/blockquote>\n<p>Tarjei Boe<\/p>\n<p>Pictures: K. Voigt Fotografie<\/p>","protected":false},"excerpt":{"rendered":"<p>Arnd Peiffer hat den ersten Massenstart der Saison und das letze Herrenrennen in diesem Jahr gewonnen. Der Sprint-Olympiasieger und Ex-Weltmeister gewann das 15 Km Rennen vor dem Schweden Martin Ponsiluoma sowie Tarjei Boe. Peiffer legte den Grundstein mit einem fehlerfreien Schie\u00dfen, und behielt die Oberhand gegen\u00fcber Ponsiluoma und Tarjei Boe, die jeweils einmal in die [&hellip;]<\/p>","protected":false},"author":3,"featured_media":1916,"comment_status":"open","ping_status":"closed","sticky":false,"template":"","format":"standard","meta":{"footnotes":""},"categories":[3],"tags":[6],"class_list":["post-1915","post","type-post","status-publish","format-standard","has-post-thumbnail","hentry","category-news","tag-biathlon"],"_links":{"self":[{"href":"https:\/\/wintersport.news\/en\/wp-json\/wp\/v2\/posts\/1915","targetHints":{"allow":["GET"]}}],"collection":[{"href":"https:\/\/wintersport.news\/en\/wp-json\/wp\/v2\/posts"}],"about":[{"href":"https:\/\/wintersport.news\/en\/wp-json\/wp\/v2\/types\/post"}],"author":[{"embeddable":true,"href":"https:\/\/wintersport.news\/en\/wp-json\/wp\/v2\/users\/3"}],"replies":[{"embeddable":true,"href":"https:\/\/wintersport.news\/en\/wp-json\/wp\/v2\/comments?post=1915"}],"version-history":[{"count":1,"href":"https:\/\/wintersport.news\/en\/wp-json\/wp\/v2\/posts\/1915\/revisions"}],"predecessor-version":[{"id":1917,"href":"https:\/\/wintersport.news\/en\/wp-json\/wp\/v2\/posts\/1915\/revisions\/1917"}],"wp:featuredmedia":[{"embeddable":true,"href":"https:\/\/wintersport.news\/en\/wp-json\/wp\/v2\/media\/1916"}],"wp:attachment":[{"href":"https:\/\/wintersport.news\/en\/wp-json\/wp\/v2\/media?parent=1915"}],"wp:term":[{"taxonomy":"category","embeddable":true,"href":"https:\/\/wintersport.news\/en\/wp-json\/wp\/v2\/categories?post=1915"},{"taxonomy":"post_tag","embeddable":true,"href":"https:\/\/wintersport.news\/en\/wp-json\/wp\/v2\/tags?post=1915"}],"curies":[{"name":"wp","href":"https:\/\/api.w.org\/{rel}","templated":true}]}}