{"id":1902,"date":"2020-12-19T15:25:32","date_gmt":"2020-12-19T15:25:32","guid":{"rendered":"https:\/\/wintersport.news\/?p=1902"},"modified":"2020-12-19T15:34:09","modified_gmt":"2020-12-19T15:34:09","slug":"start-ziel-sieg-fuer-turbo-tiril","status":"publish","type":"post","link":"https:\/\/wintersport.news\/en\/start-ziel-sieg-fuer-turbo-tiril\/","title":{"rendered":"Start-Ziel-Sieg f\u00fcr Turbo-Tiril"},"content":{"rendered":"<p>Mit Startnummer eins ins Rennen gegangen, als erste ins Ziel gekommen, so beendete\u00a0Tiril Eckhoff die 10 km Damenverfolgung am vorletzten Tag in Hochfilzen, und lie\u00df einmal mehr gegen\u00fcber ihren Konkurrentinnen nichts anbrennen. L\u00e4uferisch absolut top, und sehr konzentriert am Schie\u00dfstand waren der Erfolg zu ihrem\u00a0dritten Saisonsieg vor den beiden schwedischen Oeberg Schwestern. Hier sicherte sich Hannah Oeberg Platz Zwei vor ihrer j\u00fcngeren Schwester Elvira als dritte.\u00a0Ingrid Tandrevold, die ein sehr k\u00e4mpferisches Rennen lieferte und sehr zu gefallen wusste, belegte den undankbaren vierten Platz, und musste sich erst bim Zielsprint Elvira Oeberg geschlagen geben.\u00a0F\u00fcr Marte Olsbu als f\u00fchrende im Gesamtweltcup reichte es mit einem R\u00fcckstand von 1.03,5 Minuten auf die Siegerin heute nur zu Platz 7.\u00a0Mit Julia Simon auf Rang 14, Justine Braisaz als 15. und Karoline Knotten auf Platz 19. wurden weitere Top 20\u00a0Pl\u00e4tze erreicht.<\/p>\n<div><\/div>\n<div>\n<table class=\"table is-hoverable\" tabindex=\"0\">\n<tbody>\n<tr class=\"\" draggable=\"false\">\n<td class=\"has-text-centered\" data-label=\"#\">1<\/td>\n<td class=\"has-text-centered\" data-label=\"Name\">ECKHOFF Tiril<\/td>\n<td class=\"has-text-centered\" data-label=\"Nationalit\u00e4t\"><img decoding=\"async\" class=\"flag\" src=\"https:\/\/wintersport.news\/wp-content\/plugins\/mega-biathlon\/img\/flags\/no.svg\" alt=\"NOR\" \/><\/td>\n<td class=\"has-text-centered\" data-label=\"Fehler\">0+1+0+0<\/td>\n<td class=\"has-text-centered\" data-label=\"Ergebnis\">28:24.8<\/td>\n<\/tr>\n<tr class=\"\" draggable=\"false\">\n<td class=\"has-text-centered\" data-label=\"#\">2<\/td>\n<td class=\"has-text-centered\" data-label=\"Name\">OEBERG Hanna<\/td>\n<td class=\"has-text-centered\" data-label=\"Nationalit\u00e4t\"><img decoding=\"async\" class=\"flag\" src=\"https:\/\/wintersport.news\/wp-content\/plugins\/mega-biathlon\/img\/flags\/se.svg\" alt=\"SWE\" \/><\/td>\n<td class=\"has-text-centered\" data-label=\"Fehler\">1+0+1+0<\/td>\n<td class=\"has-text-centered\" data-label=\"Ergebnis\">+22.5<\/td>\n<\/tr>\n<tr class=\"\" draggable=\"false\">\n<td class=\"has-text-centered\" data-label=\"#\">3<\/td>\n<td class=\"has-text-centered\" data-label=\"Name\">OEBERG Elvira<\/td>\n<td class=\"has-text-centered\" data-label=\"Nationalit\u00e4t\"><img decoding=\"async\" class=\"flag\" src=\"https:\/\/wintersport.news\/wp-content\/plugins\/mega-biathlon\/img\/flags\/se.svg\" alt=\"SWE\" \/><\/td>\n<td class=\"has-text-centered\" data-label=\"Fehler\">1+0+0+1<\/td>\n<td class=\"has-text-centered\" data-label=\"Ergebnis\">+27.6<\/td>\n<\/tr>\n<\/tbody>\n<\/table>\n<\/div>\n<div><\/div>\n<blockquote><p>Meine Form ist sehr stabil, und ich wei\u00df selbst nicht wohin das noch gehen soll. Nat\u00fcrlich nehme ich alle diese sch\u00f6nen Momente mit, und m\u00f6chte\u00a0diese gute Leistungen im neuen Jahr fortsetzen.<\/p><\/blockquote>\n<div>Tiril Eckhoff<\/div>\n<div><\/div>\n<blockquote><p>Ich habe heute alles gegeben, bin mit meiner Leistung zufrieden und doch nicht zufrieden, da ich das Podium nur knapp verfehlt habe.\u00a0Als vierte ein Rennen zu beenden muss man glaube ich nicht kommentieren.\u00a0Das n\u00e4chste Mal greife ich wieder voll an.<\/p><\/blockquote>\n<div>Ingrid Tandrevold<\/div>\n<div><\/div>\n<div>Picture: K. Voigt Fotografie<\/div>","protected":false},"excerpt":{"rendered":"<p>Mit Startnummer eins ins Rennen gegangen, als erste ins Ziel gekommen, so beendete\u00a0Tiril Eckhoff die 10 km Damenverfolgung am vorletzten Tag in Hochfilzen, und lie\u00df einmal mehr gegen\u00fcber ihren Konkurrentinnen nichts anbrennen. L\u00e4uferisch absolut top, und sehr konzentriert am Schie\u00dfstand waren der Erfolg zu ihrem\u00a0dritten Saisonsieg vor den beiden schwedischen Oeberg Schwestern. Hier sicherte sich [&hellip;]<\/p>","protected":false},"author":3,"featured_media":1903,"comment_status":"open","ping_status":"closed","sticky":false,"template":"","format":"standard","meta":{"footnotes":""},"categories":[3],"tags":[6],"class_list":["post-1902","post","type-post","status-publish","format-standard","has-post-thumbnail","hentry","category-news","tag-biathlon"],"_links":{"self":[{"href":"https:\/\/wintersport.news\/en\/wp-json\/wp\/v2\/posts\/1902","targetHints":{"allow":["GET"]}}],"collection":[{"href":"https:\/\/wintersport.news\/en\/wp-json\/wp\/v2\/posts"}],"about":[{"href":"https:\/\/wintersport.news\/en\/wp-json\/wp\/v2\/types\/post"}],"author":[{"embeddable":true,"href":"https:\/\/wintersport.news\/en\/wp-json\/wp\/v2\/users\/3"}],"replies":[{"embeddable":true,"href":"https:\/\/wintersport.news\/en\/wp-json\/wp\/v2\/comments?post=1902"}],"version-history":[{"count":2,"href":"https:\/\/wintersport.news\/en\/wp-json\/wp\/v2\/posts\/1902\/revisions"}],"predecessor-version":[{"id":1908,"href":"https:\/\/wintersport.news\/en\/wp-json\/wp\/v2\/posts\/1902\/revisions\/1908"}],"wp:featuredmedia":[{"embeddable":true,"href":"https:\/\/wintersport.news\/en\/wp-json\/wp\/v2\/media\/1903"}],"wp:attachment":[{"href":"https:\/\/wintersport.news\/en\/wp-json\/wp\/v2\/media?parent=1902"}],"wp:term":[{"taxonomy":"category","embeddable":true,"href":"https:\/\/wintersport.news\/en\/wp-json\/wp\/v2\/categories?post=1902"},{"taxonomy":"post_tag","embeddable":true,"href":"https:\/\/wintersport.news\/en\/wp-json\/wp\/v2\/tags?post=1902"}],"curies":[{"name":"wp","href":"https:\/\/api.w.org\/{rel}","templated":true}]}}