{"id":1895,"date":"2020-12-18T15:19:27","date_gmt":"2020-12-18T15:19:27","guid":{"rendered":"https:\/\/wintersport.news\/?p=1895"},"modified":"2020-12-18T15:19:27","modified_gmt":"2020-12-18T15:19:27","slug":"dreifach-erfolg-fuer-die-norwegischen-frauen","status":"publish","type":"post","link":"https:\/\/wintersport.news\/en\/dreifach-erfolg-fuer-die-norwegischen-frauen\/","title":{"rendered":"Dreifach Erfolg f\u00fcr die norwegischen Frauen"},"content":{"rendered":"<p class=\"x_MsoNormal\">Wie tags zuvor schon bei den Herren endete der 7,5km Damensprint von Hochfilzen mit einem dreifachen\u00a0Erfolg der Norwegischen Biathletinnen. Bei Kaiserwetter und besten \u00e4u\u00dferlichen Bedingungen gewann Tiril Eckhoff,\u00a0trotz einer Strafrunde und wieder mal einer Bestlaufzeit das Rennen. Als Zweitplatzierte folgten ihre Mannschaftskameradinnen Ingrid\u00a0Tandrevold mit einem R\u00fcckstand von 7,6 Sekunden auf Rang Zwei und der Weltcupf\u00fchrenden\u00a0Marte Olsbu R\u00f8iseland,\u00a0die als Dritte das Siegerpodest komplettierte.<\/p>\n<p class=\"x_MsoNormal\">Mit ihrem dritten Platz verteidigte\u00a0Marte Olsbu R\u00f8iseland weiterhin das gelbe Trikot der in der Wertung des Gesamtweltcups. Justine Braisaz, die sehr gut in das Rennen startete, konnte sich Rang 14. sichern, und mit Karoline Knotten als 17. gab es noch Platzierungen der Top 20.<\/p>\n<p>&nbsp;<\/p>\n<table class=\"table is-hoverable\" tabindex=\"0\">\n<tbody>\n<tr class=\"\" draggable=\"false\">\n<td class=\"has-text-centered\" data-label=\"#\">1<\/td>\n<td class=\"has-text-centered\" data-label=\"Name\">ECKHOFF Tiril<\/td>\n<td class=\"has-text-centered\" data-label=\"Nationalit\u00e4t\"><img decoding=\"async\" class=\"flag\" src=\"https:\/\/wintersport.news\/wp-content\/plugins\/mega-biathlon\/img\/flags\/no.svg\" alt=\"NOR\" \/><\/td>\n<td class=\"has-text-centered\" data-label=\"Fehler\">1+0<\/td>\n<td class=\"has-text-centered\" data-label=\"Ergebnis\">19:38.0<\/td>\n<\/tr>\n<tr class=\"\" draggable=\"false\">\n<td class=\"has-text-centered\" data-label=\"#\">2<\/td>\n<td class=\"has-text-centered\" data-label=\"Name\">TANDREVOLD Ingrid Landmark<\/td>\n<td class=\"has-text-centered\" data-label=\"Nationalit\u00e4t\"><img decoding=\"async\" class=\"flag\" src=\"https:\/\/wintersport.news\/wp-content\/plugins\/mega-biathlon\/img\/flags\/no.svg\" alt=\"NOR\" \/><\/td>\n<td class=\"has-text-centered\" data-label=\"Fehler\">0+0<\/td>\n<td class=\"has-text-centered\" data-label=\"Ergebnis\">+7.6<\/td>\n<\/tr>\n<tr class=\"\" draggable=\"false\">\n<td class=\"has-text-centered\" data-label=\"#\">3<\/td>\n<td class=\"has-text-centered\" data-label=\"Name\">ROEISELAND Marte Olsbu<\/td>\n<td class=\"has-text-centered\" data-label=\"Nationalit\u00e4t\"><img decoding=\"async\" class=\"flag\" src=\"https:\/\/wintersport.news\/wp-content\/plugins\/mega-biathlon\/img\/flags\/no.svg\" alt=\"NOR\" \/><\/td>\n<td class=\"has-text-centered\" data-label=\"Fehler\">1+0<\/td>\n<td class=\"has-text-centered\" data-label=\"Ergebnis\">+24.6<\/td>\n<\/tr>\n<\/tbody>\n<\/table>\n<p>&nbsp;<\/p>\n<blockquote>\n<p class=\"x_MsoNormal\">Ich hatte heute super Material, ein gro\u00dfes Dankesch\u00f6n hier an unsere Techniker. Der Fehler \u00e4rgert mich sehr,\u00a0doch ich konnte recht schnell wieder aufschlie\u00dfen. Ich merke, dass mein Stehendschie\u00dfen stabiler wird, und habe mich heute auch voll konzentriert.\u00a0Es ist absoluter Wahnsinn mit zwei Kameradinnen auf dem Siegerpodium zu stehen.\u201c<\/p>\n<\/blockquote>\n<p class=\"x_MsoNormal\">Tiril Eckhoff<\/p>\n<p>&nbsp;<\/p>\n<blockquote>\n<p class=\"x_MsoNormal\">Ich bin heute wieder einmal mit meiner Leistung zufrieden, und habe an meinem Rennen nichts zu bem\u00e4ngeln.\u00a0So ein Podest macht Spa\u00df.\u201c<\/p>\n<\/blockquote>\n<p class=\"x_MsoNormal\">Ingrid Tandrevold<\/p>\n<p>&nbsp;<\/p>\n<blockquote>\n<p class=\"x_MsoNormal\">Gleich zu Anfang in die Strafrunde zu gehen stand nat\u00fcrlich nicht auf meinem Plan. Der Schie\u00dfstand heute war sehr schwer, und\u00a0man musste mit dem Wind spielen. Mit meinem dritten Platz habe ich die Weltcupf\u00fchrung verteidigt, dass war mein Ziel. Heute war ein super tag f\u00fcr Norwegen.\u201c<\/p>\n<\/blockquote>\n<p class=\"x_MsoNormal\">\u00a0Marte Olsbu R\u00f8iseland<\/p>\n<p>&nbsp;<\/p>\n<p>Foto:\u00a0K.Voigt Fotografie<\/p>","protected":false},"excerpt":{"rendered":"<p>Wie tags zuvor schon bei den Herren endete der 7,5km Damensprint von Hochfilzen mit einem dreifachen\u00a0Erfolg der Norwegischen Biathletinnen. Bei Kaiserwetter und besten \u00e4u\u00dferlichen Bedingungen gewann Tiril Eckhoff,\u00a0trotz einer Strafrunde und wieder mal einer Bestlaufzeit das Rennen. Als Zweitplatzierte folgten ihre Mannschaftskameradinnen Ingrid\u00a0Tandrevold mit einem R\u00fcckstand von 7,6 Sekunden auf Rang Zwei und der Weltcupf\u00fchrenden\u00a0Marte [&hellip;]<\/p>","protected":false},"author":3,"featured_media":1896,"comment_status":"open","ping_status":"closed","sticky":false,"template":"","format":"standard","meta":{"footnotes":""},"categories":[3],"tags":[6],"class_list":["post-1895","post","type-post","status-publish","format-standard","has-post-thumbnail","hentry","category-news","tag-biathlon"],"_links":{"self":[{"href":"https:\/\/wintersport.news\/en\/wp-json\/wp\/v2\/posts\/1895","targetHints":{"allow":["GET"]}}],"collection":[{"href":"https:\/\/wintersport.news\/en\/wp-json\/wp\/v2\/posts"}],"about":[{"href":"https:\/\/wintersport.news\/en\/wp-json\/wp\/v2\/types\/post"}],"author":[{"embeddable":true,"href":"https:\/\/wintersport.news\/en\/wp-json\/wp\/v2\/users\/3"}],"replies":[{"embeddable":true,"href":"https:\/\/wintersport.news\/en\/wp-json\/wp\/v2\/comments?post=1895"}],"version-history":[{"count":1,"href":"https:\/\/wintersport.news\/en\/wp-json\/wp\/v2\/posts\/1895\/revisions"}],"predecessor-version":[{"id":1897,"href":"https:\/\/wintersport.news\/en\/wp-json\/wp\/v2\/posts\/1895\/revisions\/1897"}],"wp:featuredmedia":[{"embeddable":true,"href":"https:\/\/wintersport.news\/en\/wp-json\/wp\/v2\/media\/1896"}],"wp:attachment":[{"href":"https:\/\/wintersport.news\/en\/wp-json\/wp\/v2\/media?parent=1895"}],"wp:term":[{"taxonomy":"category","embeddable":true,"href":"https:\/\/wintersport.news\/en\/wp-json\/wp\/v2\/categories?post=1895"},{"taxonomy":"post_tag","embeddable":true,"href":"https:\/\/wintersport.news\/en\/wp-json\/wp\/v2\/tags?post=1895"}],"curies":[{"name":"wp","href":"https:\/\/api.w.org\/{rel}","templated":true}]}}