{"id":1588,"date":"2020-09-27T20:00:39","date_gmt":"2020-09-27T20:00:39","guid":{"rendered":"https:\/\/wintersport.news\/?p=1588"},"modified":"2020-11-18T08:07:42","modified_gmt":"2020-11-18T08:07:42","slug":"frankreich-dominiert-in-wiesbaden","status":"publish","type":"post","link":"https:\/\/wintersport.news\/en\/frankreich-dominiert-in-wiesbaden\/","title":{"rendered":"Frankreich dominiert in Wiesbaden"},"content":{"rendered":"<p>Es war lange nicht sicher, ob der City-Biathlon in Wiesbaden stattfinden kann. Doch nach einer Terminverschiebung und einem ausf\u00fchrlichen Hygienekonzept des Veranstalters gab es dann doch schlie\u00dflich das gr\u00fcne Licht zur Durchf\u00fchrung. So konnten f\u00fcr den Tag des Sommer-Biathlons limitierte und personalisierte Tickets f\u00fcr die Strecke erworben werden. Und auch die Starterfeld konnte sich sehen lassen. Neben dem deutschen Aufgebot mit Janina Hettich, Maren Hammerschmidt, Benedikt Doll und Lucas Fratzscher waren die Norweger mit den Br\u00fcdern Johannes und Tarjei Boe sowie Ingrid Tandrevold vertreten. Auch die Franzosen liesen sich die M\u00f6glichkeit des Testrennens am Ende des Sommers auf Skirollern nicht nehmen und schickten keine geringeren als Quentin Fillon Maillet und Julia Simon ins Rennen. Au\u00dferdem waren unteranderem Athletinnen und Athleten aus der Schweiz, \u00d6sterreich und Slowenien zu Gast in Wiesbaden.<\/p>\n<p>Sportlich konnten das franz\u00f6sische Biathlon Team auf ganzer Linie \u00fcberzeugen. Julia Simon konnte f\u00fcnf fehlerfreie Runden am Schie\u00dfstand vorweisen und gewann so souver\u00e4n das Damen Rennen vor Marketa Davidova und Clare Egan. Bei den Herren f\u00fchrte auch f\u00fcr Johannes Thinges und Tarjei Boe kein Weg an dem Franzosen Quentin Fillon Maillet vorbei, der eine konstante Leistung am Schie\u00dfstand ablieferte. Trotz Schie\u00dffehlern in der letzten Runde konnte Tarjei Boe den zweiten Platz erreichen. F\u00fcr den Gesamtweltcup Sieger Johannes Boe reichte es dann aber am Schluss, auf Grund der Schie\u00dffehler nur auf den vierten Platz hinter Michal Krcmar. Es wird also spannend wenn am 27. November der Startschuss f\u00fcr den ersten Biathlon Weltcup in Kontiolathi Finnland f\u00e4llt.\u00a0 Zum Abschluss des Renntages in Wiesbaden gab es noch eine kleine Siegerehrung, nat\u00fcrlich mit Abstand und Mund-Nasenmaske.<\/p>\n<p>&nbsp;<\/p>\n<p>Pictures: K. Voigt Fotografie<\/p>","protected":false},"excerpt":{"rendered":"<p>Es war lange nicht sicher, ob der City-Biathlon in Wiesbaden stattfinden kann. Doch nach einer Terminverschiebung und einem ausf\u00fchrlichen Hygienekonzept des Veranstalters gab es dann doch schlie\u00dflich das gr\u00fcne Licht zur Durchf\u00fchrung. So konnten f\u00fcr den Tag des Sommer-Biathlons limitierte und personalisierte Tickets f\u00fcr die Strecke erworben werden. Und auch die Starterfeld konnte sich sehen [&hellip;]<\/p>","protected":false},"author":3,"featured_media":1589,"comment_status":"open","ping_status":"closed","sticky":false,"template":"","format":"standard","meta":{"footnotes":""},"categories":[3],"tags":[],"class_list":["post-1588","post","type-post","status-publish","format-standard","has-post-thumbnail","hentry","category-news"],"_links":{"self":[{"href":"https:\/\/wintersport.news\/en\/wp-json\/wp\/v2\/posts\/1588","targetHints":{"allow":["GET"]}}],"collection":[{"href":"https:\/\/wintersport.news\/en\/wp-json\/wp\/v2\/posts"}],"about":[{"href":"https:\/\/wintersport.news\/en\/wp-json\/wp\/v2\/types\/post"}],"author":[{"embeddable":true,"href":"https:\/\/wintersport.news\/en\/wp-json\/wp\/v2\/users\/3"}],"replies":[{"embeddable":true,"href":"https:\/\/wintersport.news\/en\/wp-json\/wp\/v2\/comments?post=1588"}],"version-history":[{"count":1,"href":"https:\/\/wintersport.news\/en\/wp-json\/wp\/v2\/posts\/1588\/revisions"}],"predecessor-version":[{"id":1590,"href":"https:\/\/wintersport.news\/en\/wp-json\/wp\/v2\/posts\/1588\/revisions\/1590"}],"wp:featuredmedia":[{"embeddable":true,"href":"https:\/\/wintersport.news\/en\/wp-json\/wp\/v2\/media\/1589"}],"wp:attachment":[{"href":"https:\/\/wintersport.news\/en\/wp-json\/wp\/v2\/media?parent=1588"}],"wp:term":[{"taxonomy":"category","embeddable":true,"href":"https:\/\/wintersport.news\/en\/wp-json\/wp\/v2\/categories?post=1588"},{"taxonomy":"post_tag","embeddable":true,"href":"https:\/\/wintersport.news\/en\/wp-json\/wp\/v2\/tags?post=1588"}],"curies":[{"name":"wp","href":"https:\/\/api.w.org\/{rel}","templated":true}]}}