{"id":1487,"date":"2020-07-17T08:16:24","date_gmt":"2020-07-17T08:16:24","guid":{"rendered":"https:\/\/wintersport.news\/?p=1487"},"modified":"2021-06-09T11:21:45","modified_gmt":"2021-06-09T11:21:45","slug":"mit-dem-fahrrad-in-den-urlaub","status":"publish","type":"post","link":"https:\/\/wintersport.news\/en\/mit-dem-fahrrad-in-den-urlaub\/","title":{"rendered":"Mit dem Fahrrad in den Urlaub"},"content":{"rendered":"<h6><strong>Ist dein Fahrrad startklar f\u00fcr den Sommerurlaub?<\/strong><\/h6>\n<p><em><strong>Der Sommer steht vor der T\u00fcr und wir alle sehnen uns nach Urlaub, Reisen und Erholung. Reiseziel ist auch in diesem Jar f\u00fcr viele die n\u00e4here Umgebung und vor allem: Urlaub in Deutschland. Der Begleiter Nummer 1 ist da nat\u00fcrlich das Fahrrad. Doch was muss alles beachtet, geplant und eingepackt werden, wenn das Mountainbike, E-Bike oder der Cityflitzer mit in den Urlaub kommen soll? Wir haben alle n\u00fctzlichen Tipps und Tricks in diesem Blog f\u00fcr euch zusammengefasst.<\/strong><\/em><\/p>\n<p>&nbsp;<\/p>\n<p><strong>Das Reiseziel &#8211; wohin soll es gehen?<\/strong><\/p>\n<p>Das h\u00e4ngt ganz davon ab, wie der Urlaub aussehen soll, hier gibt es mit dem Bike die verschiedensten M\u00f6glichkeiten. Entweder die R\u00e4der begleiten euch auf dem Fahrradst\u00e4nder mit in den Camping Urlaub, ihr startet bei euch in der Umgebung in das Radabenteuer oder ihr leiht euch an eurem Reiseziel Fahrr\u00e4der oder E-Bikes aus. Beim Camping sind die eigenen Bikes fast nicht mehr wegzudenken, egal ob kurze Wege oder die Umgebung erkunden, das Fahrrad bringt euch schnell und flexibel \u00fcberall hin.<\/p>\n<p>Wir haben euch die sch\u00f6nsten Fahrrad-Regionen einmal aufgelistet:<\/p>\n<ul>\n<li>Taubertal-Radweg<\/li>\n<li>Elb-Radweg<\/li>\n<li>Mosel-Radweg<\/li>\n<li>Chiemsee in Bayern<\/li>\n<li>Bodense-K\u00f6nigsee Radweg<\/li>\n<li>Ostsee-K\u00fcsten Radweg<\/li>\n<li>Wolfgangsee (E-Bike geeignet)<\/li>\n<li>Allg\u00e4u<\/li>\n<li>Oberpf\u00e4lzer Wald<\/li>\n<li>Fr\u00e4nkische Schweiz<\/li>\n<li>Norwegische Seenplatte<\/li>\n<li>Mecklenburgische Seenplatte<\/li>\n<\/ul>\n<p>&nbsp;<\/p>\n<figure id=\"attachment_2609\" aria-describedby=\"caption-attachment-2609\" style=\"width: 2240px\" class=\"wp-caption aligncenter\"><img fetchpriority=\"high\" decoding=\"async\" class=\"wp-image-2609 size-full\" src=\"https:\/\/wintersport.news\/wp-content\/uploads\/2020\/07\/Downhill-Fahrrad.png\" alt=\"\" width=\"2240\" height=\"1260\" srcset=\"https:\/\/wintersport.news\/wp-content\/uploads\/2020\/07\/Downhill-Fahrrad.png 2240w, https:\/\/wintersport.news\/wp-content\/uploads\/2020\/07\/Downhill-Fahrrad-150x84.png 150w, https:\/\/wintersport.news\/wp-content\/uploads\/2020\/07\/Downhill-Fahrrad-300x169.png 300w, https:\/\/wintersport.news\/wp-content\/uploads\/2020\/07\/Downhill-Fahrrad-768x432.png 768w, https:\/\/wintersport.news\/wp-content\/uploads\/2020\/07\/Downhill-Fahrrad-1024x576.png 1024w, https:\/\/wintersport.news\/wp-content\/uploads\/2020\/07\/Downhill-Fahrrad-370x208.png 370w, https:\/\/wintersport.news\/wp-content\/uploads\/2020\/07\/Downhill-Fahrrad-1170x658.png 1170w, https:\/\/wintersport.news\/wp-content\/uploads\/2020\/07\/Downhill-Fahrrad-760x428.png 760w, https:\/\/wintersport.news\/wp-content\/uploads\/2020\/07\/Downhill-Fahrrad-270x152.png 270w\" sizes=\"(max-width: 2240px) 100vw, 2240px\" \/><figcaption id=\"caption-attachment-2609\" class=\"wp-caption-text\">Hoch hinaus gehts im Bikepark!<\/figcaption><\/figure>\n<p>Viele dieser Regionen sind auch mit dem Zug gut erreichbar und eignen sich hervorragend f\u00fcr den Start einer l\u00e4ngeren Radtour. Unterwegs gibt es in den gro\u00dfen Fahrradregionen auch viele Unterk\u00fcnfte und Campingpl\u00e4tze, die Speziell f\u00fcr Fahrradfahrer:innen auslegt sind. Die Webseite<a href=\"https:\/\/www.bettundbike.de\/\"> Bett + Bike<\/a> zum Beispiel ist eine Suchmaschine f\u00fcr Fahrradunterk\u00fcnfte in den Urlaubsregionen. Auch gibt es auf vielen Campingpl\u00e4tzen kleine Radlerh\u00fctten, die sich perfekt f\u00fcr einen l\u00e4ngeren Roadtrip als \u00dcbernachtungsm\u00f6glichkeit eignen, ohne zu viel Gep\u00e4ck f\u00fcr ein Zelt mitzuschleppen. Und nat\u00fcrlich gibt es auch gr\u00f6\u00dferer Anbieter, die schon komplette gef\u00fchrte Rad- und Mountainbike Touren anbieten, bei denen ihr euch um nichts mehr selber k\u00fcmmern m\u00fcsst, wie zum Beispiel <a href=\"https:\/\/www.bike-holidays.com\/de\/\">Bike-Holidays.com<\/a> . Fahrradfahren und vor allem E-Bike Touren liegen hoch im Kurs, deshalb haben auch die meisten Hotels in den Urlaubsregionen aufger\u00fcstet und bieten einen Verleih f\u00fcr ihre G\u00e4ste an. Auf der Webseite<a href=\"https:\/\/radsport-hotels.de\/\"> Fahrrad Hotels<\/a> lassen sich spezielle Unterk\u00fcnfte mit Biking M\u00f6glichkeiten heraussuchen. Wer auf noch mehr Abenteuer und sportliches Mountainbiken steht sollte sich in Urlaubsregionen mit Bikepark und Downhill-Strecken umschauen. Von Deutschland \u00fcber \u00d6sttereich bis hin zum Downhill Mekka Whistler in Canada sind dem rasanten Abfahrtsverg\u00fcngen kaum Grenzen gesetzt. (Vorausgesetzt Reisen ist in die bestimmte Region wieder m\u00f6glich)<\/p>\n<p>Und hier kommen noch ein paar Bikepark Tipps f\u00fcr euch:<\/p>\n<ul>\n<li><a href=\"https:\/\/bikepark.saalfelden-leogang.com\/de\">Leogang, \u00d6sterreich, Tirol<\/a><\/li>\n<li><a href=\"https:\/\/www.bike-sfl.at\/wartung.html\">Bikepark Fiss Ladis, \u00d6sterreich<\/a><\/li>\n<li><a href=\"https:\/\/www.bikekingdom.ch\/de\/Bikeparks\">Bike Kingdom Lenzerheide, Schweiz<\/a><\/li>\n<li><a href=\"https:\/\/www.bikepark-innsbruck.com\">Bikepark Innsbruck, \u00d6sterreich<\/a><\/li>\n<li><a href=\"https:\/\/www.mtbzone-bikepark.com\/\">MTB Zone Bikepark Bischofsmais, Deutschland<\/a><\/li>\n<li><a href=\"https:\/\/www.bikepark-brandnertal.at\/anreise\/\">Bikepark Brandnertal, \u00d6sterreich<\/a><\/li>\n<li><a href=\"https:\/\/www.kronplatz.com\/de\/sommer\/downhill-freeride\">Kronplatz, S\u00fcdtirol, Italien<\/a><\/li>\n<li><a href=\"https:\/\/www.hafjell.no\/hafjell-bikepark\">Bikepark Havjell, Norwegen<\/a><\/li>\n<li><a href=\"https:\/\/www.skistar.com\/de\/Skigebiete\/are\/sommer-in-are\/\">Bikepark Are, Schweden<\/a><\/li>\n<li><a href=\"https:\/\/www.bikepark-winterberg.de\/downhill-bike-trail-mountainbike\/\">Bikepark Winterberg, Deutschland<\/a><\/li>\n<li><a href=\"https:\/\/www.mtbzone-bikepark.com\/willingen\/\">Bikepark Willingen, Deutschland<\/a><\/li>\n<li><a href=\"https:\/\/www.bikepark-samerberg.de\/\">Bikepark Samerberg, Deutschland<\/a><\/li>\n<li><a href=\"http:\/\/www.bikepark-oberammergau.de\">Gohst Bikepark Oberammergau, Detuschland<\/a><\/li>\n<\/ul>\n<p>&nbsp;<\/p>\n<figure id=\"attachment_1510\" aria-describedby=\"caption-attachment-1510\" style=\"width: 3600px\" class=\"wp-caption aligncenter\"><img decoding=\"async\" class=\"size-full wp-image-1510\" src=\"https:\/\/wintersport.news\/wp-content\/uploads\/2020\/07\/shutterstock_1439473937.jpg\" alt=\"\" width=\"3600\" height=\"2395\" srcset=\"https:\/\/wintersport.news\/wp-content\/uploads\/2020\/07\/shutterstock_1439473937.jpg 3600w, https:\/\/wintersport.news\/wp-content\/uploads\/2020\/07\/shutterstock_1439473937-150x100.jpg 150w, https:\/\/wintersport.news\/wp-content\/uploads\/2020\/07\/shutterstock_1439473937-300x200.jpg 300w, https:\/\/wintersport.news\/wp-content\/uploads\/2020\/07\/shutterstock_1439473937-768x511.jpg 768w, https:\/\/wintersport.news\/wp-content\/uploads\/2020\/07\/shutterstock_1439473937-1024x681.jpg 1024w, https:\/\/wintersport.news\/wp-content\/uploads\/2020\/07\/shutterstock_1439473937-370x246.jpg 370w, https:\/\/wintersport.news\/wp-content\/uploads\/2020\/07\/shutterstock_1439473937-760x506.jpg 760w\" sizes=\"(max-width: 3600px) 100vw, 3600px\" \/><figcaption id=\"caption-attachment-1510\" class=\"wp-caption-text\">F\u00fcr 1-2 leichte Fahrr\u00e4der ist der Dahtr\u00e4ger gut geeignet!<\/figcaption><\/figure>\n<p>&nbsp;<\/p>\n<p><strong>Aber wie transportiere ich das Fahrrad in den Urlaub?<\/strong><\/p>\n<p>Die Fahrr\u00e4der sollen mit in den Urlaub, bei einer vierk\u00f6pfigen Familie kann da schnell der Platz ausgehen. Deshalb kommt hier eine kurze \u00dcbersicht \u00fcber passende Fahrradtr\u00e4ger f\u00fcrs Auto. Eins vorweg die M\u00f6glichkeiten scheinen unbegrenzt, f\u00fcr jeden Geschmack gibt es einen passenden Tr\u00e4ger. Doch welcher Fahrradtr\u00e4ger ist am besten f\u00fcr mich geeignet? Um dieser Frage auf den Grund zugehen kommen hier die g\u00e4ngigsten Varianten im \u00dcberblick.<\/p>\n<p>Zun\u00e4chst stellt sich die Frage wie viele Fahrr\u00e4der transportiert werden sollen. Die meisten Basic Fahrradtr\u00e4ger sind f\u00fcr ein bis zwei in der erweiterten Version auch f\u00fcr vier Fahrr\u00e4der geeignet. Jedoch kommt es auch aufs Gewicht an. E-Bikes sind schon etwas schwerer und so sind bei manchen Tr\u00e4gern nur ein oder zwei Fahrr\u00e4der \u00fcberhaupt zuglassen. Auch auf dem Dach lassen sich nicht alle Fahrr\u00e4der, gerade E-Bikes auf Grund ihres Gewichts, immer transportieren. Daher ist bei der Wahl des Fahrradtr\u00e4gers wichtig genau hinzuschauen, ob die Schienen, das Gewicht und die Halterungen mit dem jeweiligen Fahrrad kompatibel sind. Hier geben die Hersteller meist ganz genaue Angaben in ihren technischen Datenbl\u00e4ttern heraus. Bei mehreren oder schweren Fahrr\u00e4dern ist daher die Anschaffung eines speziellen Fahrradanh\u00e4ngers sinnvoll. Doch nun Schritt f\u00fcr Schritt die Varianten im \u00dcberblick:<\/p>\n<p>The <strong>Dachtr\u00e4ger<\/strong> geh\u00f6ren zu den klassischen Fahrradtr\u00e4gern, erfordern aber immer eine geeignete Dachreling oder Unterkonstruktion. Vor allem bei Gro\u00dfen Autos ist das Be- und Entladen eher schwer. Allerdings sind sie schon f\u00fcr einen relativ geringen Preis unter 100\u20ac zu haben, vorausgesetzt das Autodach besitzt die entsprechenden Tr\u00e4ger. F\u00fcr einen sicheren Transport d\u00fcrfen die Fahrr\u00e4der aber nicht zu schwer sein. Zus\u00e4tzlich wird beim Dachtr\u00e4ger die Sicht nicht behindert. Vorsicht ist allerdings bei Tunneln oder Parkh\u00e4user geboten. Wenn die Fahrr\u00e4der auf dem Dach nicht mit berechnet werden, kann das schnell problematisch werden.<\/p>\n<p>The <strong>Kupplungstr\u00e4ger<\/strong> sind nur mit einer Anh\u00e4ngerkupplung kompatibel und im Moment am h\u00e4ufigsten auf den Stra\u00dfen zu sehen, da sie einfach zu installieren und je nach Modell, auf bis zu vier Fahrr\u00e4der ausgelegt sind. Hier sollte jedoch immer auf die zul\u00e4ssige St\u00fctzlast der Anh\u00e4ngerkupplung geachtet werden. Au\u00dferdem lassen sich die Kupplungstr\u00e4ger auf Grund der niedrigen H\u00f6he relativ leicht beladen und meist auch zusammenklappen.<\/p>\n<figure id=\"attachment_2610\" aria-describedby=\"caption-attachment-2610\" style=\"width: 2240px\" class=\"wp-caption aligncenter\"><img decoding=\"async\" class=\"wp-image-2610 size-full\" src=\"https:\/\/wintersport.news\/wp-content\/uploads\/2020\/07\/Fahrradtr\u00e4ger.png\" alt=\"\" width=\"2240\" height=\"1260\" srcset=\"https:\/\/wintersport.news\/wp-content\/uploads\/2020\/07\/Fahrradtr\u00e4ger.png 2240w, https:\/\/wintersport.news\/wp-content\/uploads\/2020\/07\/Fahrradtr\u00e4ger-150x84.png 150w, https:\/\/wintersport.news\/wp-content\/uploads\/2020\/07\/Fahrradtr\u00e4ger-300x169.png 300w, https:\/\/wintersport.news\/wp-content\/uploads\/2020\/07\/Fahrradtr\u00e4ger-768x432.png 768w, https:\/\/wintersport.news\/wp-content\/uploads\/2020\/07\/Fahrradtr\u00e4ger-1024x576.png 1024w, https:\/\/wintersport.news\/wp-content\/uploads\/2020\/07\/Fahrradtr\u00e4ger-370x208.png 370w, https:\/\/wintersport.news\/wp-content\/uploads\/2020\/07\/Fahrradtr\u00e4ger-1170x658.png 1170w, https:\/\/wintersport.news\/wp-content\/uploads\/2020\/07\/Fahrradtr\u00e4ger-760x428.png 760w, https:\/\/wintersport.news\/wp-content\/uploads\/2020\/07\/Fahrradtr\u00e4ger-270x152.png 270w\" sizes=\"(max-width: 2240px) 100vw, 2240px\" \/><figcaption id=\"caption-attachment-2610\" class=\"wp-caption-text\">Praktischer Fahrradtr\u00e4ger mit Anh\u00e4ngerkupplung<\/figcaption><\/figure>\n<p>&nbsp;<\/p>\n<p>Eine weitere M\u00f6glichkeit bieten <strong>universale Hecktr\u00e4ger<\/strong>, die sich f\u00fcr fast alle Transportmittel vom Camper bis zum Cabrio eignen. Diese werden mit einem Adapter auf die Kofferraumklappe montiert und sind wie die Dachtr\u00e4ger auch relativ g\u00fcnstig unter 100\u20ac zu bekommen. Allerdings ist die Montage sehr aufwendig, weshalb es sich lohnt den Hecktr\u00e4ger dauerhaft auf dem Auto zu lassen, das ist in den meisten F\u00e4llen bei Kleinbussen und Vans sinnvoll. Die Hecktr\u00e4ger werden individuell an das Auto angepasst und k\u00f6nnen nur mit fahrzeugspezifischem Werkzeug montiert werden. Au\u00dferdem ist die Sicht am Kofferraum eingeschr\u00e4nkt und das Beladen ist nicht so einfach da zu wenig Platz zwischen Tr\u00e4ger und Auto ist, was h\u00e4ufig auch zu Lacksch\u00e4den f\u00fchren kann.<\/p>\n<p>Weiterhin gibt es au\u00dferdem L\u00f6sungen f\u00fcr den Innenraum f\u00fcr h\u00e4ufiges Transportieren der R\u00e4der. Dies ist allerdings f\u00fcr die Fahrt in den Urlaub eher ung\u00fcnstig, da hier Sitz- und Gep\u00e4ckpl\u00e4tze blockiert werden. Vor der Anschaffung sollte man also zun\u00e4chst auf die Gegebenheiten am Auto schauen und sich fragen wie oft und mit wie vielen Fahrr\u00e4dern der Fahrradtr\u00e4ger eingesetzt werden soll.<\/p>\n<p>&nbsp;<\/p>\n<figure id=\"attachment_2611\" aria-describedby=\"caption-attachment-2611\" style=\"width: 2240px\" class=\"wp-caption aligncenter\"><img loading=\"lazy\" decoding=\"async\" class=\"wp-image-2611 size-full\" src=\"https:\/\/wintersport.news\/wp-content\/uploads\/2020\/07\/Fahrradnavi.png\" alt=\"\" width=\"2240\" height=\"1260\" srcset=\"https:\/\/wintersport.news\/wp-content\/uploads\/2020\/07\/Fahrradnavi.png 2240w, https:\/\/wintersport.news\/wp-content\/uploads\/2020\/07\/Fahrradnavi-150x84.png 150w, https:\/\/wintersport.news\/wp-content\/uploads\/2020\/07\/Fahrradnavi-300x169.png 300w, https:\/\/wintersport.news\/wp-content\/uploads\/2020\/07\/Fahrradnavi-768x432.png 768w, https:\/\/wintersport.news\/wp-content\/uploads\/2020\/07\/Fahrradnavi-1024x576.png 1024w, https:\/\/wintersport.news\/wp-content\/uploads\/2020\/07\/Fahrradnavi-370x208.png 370w, https:\/\/wintersport.news\/wp-content\/uploads\/2020\/07\/Fahrradnavi-1170x658.png 1170w, https:\/\/wintersport.news\/wp-content\/uploads\/2020\/07\/Fahrradnavi-760x428.png 760w, https:\/\/wintersport.news\/wp-content\/uploads\/2020\/07\/Fahrradnavi-270x152.png 270w\" sizes=\"(max-width: 2240px) 100vw, 2240px\" \/><figcaption id=\"caption-attachment-2611\" class=\"wp-caption-text\">Apps auf dem Smartphone erleichtern die Routenplanung<\/figcaption><\/figure>\n<p>&nbsp;<\/p>\n<p><strong>Routenplanung und Navigation \u2013 praktische Helfer<\/strong><\/p>\n<p>Wer im Urlaub auf technische Ger\u00e4te verzichten m\u00f6chte, kann auf Fahrradkarten oder Radtouren-Reisef\u00fchrer zur\u00fcckgreifen. Diese gibt es als Buch mit interessanten Tipps auch abseits der Route. Hier empfiehlt es sich den Buchhandel zu durchst\u00f6bern und den passenden Reisef\u00fchrer zu w\u00e4hlen. Einige Internetseiten wie der <a href=\"https:\/\/www.adfc.de\/artikel\/adfc-radtourenkarten\/\" target=\"_blank\" rel=\"noopener\">Allgemeine Deutsche Fahrrad Club<\/a> bieten auf ihren Webseiten Routenplaner an, die dann auch ausgedruckt werden k\u00f6nnen. Vereinfacht hat aber nat\u00fcrlich die Digitalisierung das Fahrradrouten planen. Hier gibt es viele Apps f\u00fcr das Smartphone, in denen Routen geplant, vorgeschlagen und per Karte und GPS angezeigt werden. Hierf\u00fcr ist eine Halterung f\u00fcr die Lenkstange sinnvoll, in dieser kann das Handy angebracht und vom Fahrer die Strecke abgelesen werden. Zum Beispiel <a href=\"https:\/\/www.adfc.de\/artikel\/adfc-radtourenkarten\/\" target=\"_blank\" rel=\"noopener\">Komoot<\/a>\u00a0 oder <a href=\"https:\/\/www.strava.com\/\" target=\"_blank\" rel=\"noopener\">Strava<\/a> sind unter Fahrradfahren sehr beliebt. Einziger Nachteil bei der Navigation \u00fcber das Smartphone ist die kurze Akkulaufzeit, wenn der Bildschirm am Handy dauerhaft an ist. Entweder k\u00f6nnen dann Powerbanks hinzugezogen werden oder gleich eine professionelle L\u00f6sung \u00fcber spezielle Fahrrad-Navis mit GPS und langer Laufzeit.<\/p>\n<p>&nbsp;<\/p>\n<figure id=\"attachment_1512\" aria-describedby=\"caption-attachment-1512\" style=\"width: 5472px\" class=\"wp-caption aligncenter\"><img loading=\"lazy\" decoding=\"async\" class=\"size-full wp-image-1512\" src=\"https:\/\/wintersport.news\/wp-content\/uploads\/2020\/07\/IMG_8630.jpg\" alt=\"\" width=\"5472\" height=\"3648\" srcset=\"https:\/\/wintersport.news\/wp-content\/uploads\/2020\/07\/IMG_8630.jpg 5472w, https:\/\/wintersport.news\/wp-content\/uploads\/2020\/07\/IMG_8630-150x100.jpg 150w, https:\/\/wintersport.news\/wp-content\/uploads\/2020\/07\/IMG_8630-300x200.jpg 300w, https:\/\/wintersport.news\/wp-content\/uploads\/2020\/07\/IMG_8630-768x512.jpg 768w, https:\/\/wintersport.news\/wp-content\/uploads\/2020\/07\/IMG_8630-1024x683.jpg 1024w, https:\/\/wintersport.news\/wp-content\/uploads\/2020\/07\/IMG_8630-370x247.jpg 370w, https:\/\/wintersport.news\/wp-content\/uploads\/2020\/07\/IMG_8630-760x507.jpg 760w\" sizes=\"(max-width: 5472px) 100vw, 5472px\" \/><figcaption id=\"caption-attachment-1512\" class=\"wp-caption-text\">Gut ger\u00fcstet f\u00fcr die n\u00e4chste Fahrradtour!<\/figcaption><\/figure>\n<p>&nbsp;<\/p>\n<p><strong>Welche Ausr\u00fcstung brauche ich?<\/strong><\/p>\n<p>Das Wichtigste ist nat\u00fcrlich ein <strong>funktionsf\u00e4higes Fahrrad<\/strong>, wie das f\u00fcr den Urlaub durchgecheckt wird erfahrt ihr sp\u00e4ter im Blog. Dabei stellt sich am Anfang des Sommers dann auch immer wieder die Frage einer Neuanschaffung. Soll es ein Mountainbike, E-Bike, Fully oder sogar alles zusammen sein? Fahrr\u00e4der gibt es in einer atemberaubenden Auswahl, doch zu Beginn stellt sich nat\u00fcrlich immer die Frage der Nutzung. Soll das Fahrradfahren als Sport im Vordergrund stehen? Sind Routen auf relativ ebenen Fahrradwegen geplant? Soll das Fahrrad auch abseits der normalen Route perfomen oder m\u00f6chte man sogar in die Berge hochfahren? Ist die Frage des ZWecks gekl\u00e4rt findet sich auch ziemlich schnell das passende Fahrrad. Auf den g\u00e4ngigen gro\u00dfen Fahrradshops gibt es meist sogar einen <a href=\"https:\/\/www.fahrrad-xxl.de\/beratung\/xxl-fahrrad-finder\/\">Online-Fahrrad-Finder<\/a> oder die passende Beratung im Fahrradfachgesch\u00e4ft in der Umgebung. Ist das passende Fahrrad ausgesucht und geliefert! (Achtung im Moment sind die Lieferzeiten f\u00fcr Fahrr\u00e4der und vorallem E-Bikes extrem lange) kommen noch weitere Ausr\u00fcstungsgegenst\u00e4nde hinzu, auf die ihr nicht verzichten solltet. Ganz oben auf der Liste steht nat\u00fcrlich ein <strong>sicherer Fahrradhelm<\/strong>, <strong>Fahrradhandschuhe<\/strong> und f\u00fcr l\u00e4ngere Touren eine spezielle <strong>Fahrradhose<\/strong>. Ohne Helm geht es nicht: Vor allem im Stra\u00dfenverkehr oder bei Touren mit dem E-Bike kann es schnell gef\u00e4hrlich werden, deshalb ist es wichtig den Kopf mit einem sicheren Fahrradhelm zu sch\u00fctzen. Vor allem im Sommerurlaub kann es schnell zu h\u00f6heren Temperaturen kommen, sodass gen\u00fcgend Bel\u00fcftungsl\u00f6cher und ein geringes Eigengewicht von Vorteil sind. Weiter sollten die Augen beim Radfahren gut gesch\u00fctzt werden. Zum einen vor zum Beispiel kleinen Partikeln oder Insekten, die beim Gegenwind schnell schmerzhaft ins Auge fliegen k\u00f6nnen und zum anderen ist bei starker Sonneneinstrahlung eine <strong>Fahrradbrille<\/strong> mit gen\u00fcgend UV Schutz wichtig. Auskunft dar\u00fcber geben die Etiketten der Brille, bei einem CE-Zeichen hat die Brille eine offizielle Zulassung. Gerade wenn man viel mit dem Rad unterwegs ist lohnt es sich ein Fahrradbrillen-Set mit verschiedenen Gl\u00e4sern zum tauschen und einem leichten, bruchsicheren Gestell anzuschaffen.<\/p>\n<figure id=\"attachment_1488\" aria-describedby=\"caption-attachment-1488\" style=\"width: 403px\" class=\"wp-caption alignleft\"><img loading=\"lazy\" decoding=\"async\" class=\"wp-image-1488\" src=\"https:\/\/wintersport.news\/wp-content\/uploads\/2020\/07\/88B04601-363B-4532-A357-FC370FB58D4D.jpg\" alt=\"\" width=\"403\" height=\"537\" srcset=\"https:\/\/wintersport.news\/wp-content\/uploads\/2020\/07\/88B04601-363B-4532-A357-FC370FB58D4D.jpg 744w, https:\/\/wintersport.news\/wp-content\/uploads\/2020\/07\/88B04601-363B-4532-A357-FC370FB58D4D-113x150.jpg 113w, https:\/\/wintersport.news\/wp-content\/uploads\/2020\/07\/88B04601-363B-4532-A357-FC370FB58D4D-225x300.jpg 225w, https:\/\/wintersport.news\/wp-content\/uploads\/2020\/07\/88B04601-363B-4532-A357-FC370FB58D4D-370x493.jpg 370w, https:\/\/wintersport.news\/wp-content\/uploads\/2020\/07\/88B04601-363B-4532-A357-FC370FB58D4D-270x361.jpg 270w\" sizes=\"(max-width: 403px) 100vw, 403px\" \/><figcaption id=\"caption-attachment-1488\" class=\"wp-caption-text\">Fahrradhandschuhe sind unverzichtbar<\/figcaption><\/figure>\n<p>Weiter wichtig sind geeignete <strong>Fahrradhandschuhe<\/strong> um die H\u00e4nde optimal zu sch\u00fctzen. Gerade bei l\u00e4ngeren Strecken ist die Belastung auf die Innenhand, die dem st\u00e4ndigen Druck der Hand auf den Lenker ausgesetzt ist sehr hoch. Um Schwielen und Blasen zu vermeiden sind Fahrradhandschuhe daher sehr sinnvoll. Dabei gibt es unterschiedliche Radhandschuhe mit Gel-Einsatz und Polsterung oder nur mit einem leichten Grip. Die Gel Fahrradhandschuhe verringern die St\u00f6\u00dfe, die zum Beispiel durch Unebenheiten auf der Stra\u00dfe oder im Gel\u00e4nde auf die Hand und das Handgelenk wirken. Au\u00dferdem sch\u00fctzen Fahrradhandschuhe vor Verletzungen oder Sch\u00fcrfungen bei St\u00fcrzen. Au\u00dferdem ist ein guter Grip durch einen Silikonprint sehr wichtig. Vor allem bei sportlichen Fahrten kann sich schwei\u00df auf den H\u00e4nden bilden, die dadurch leicht vom Lenker abrutschen k\u00f6nnen. Deshalb ist ein guter <strong>Grip<\/strong> auf der Handinnenfl\u00e4che essentiell. Geht es dann mit dem Mountainbike ins Gel\u00e4nde, werden Trails gefahren oder unebene Wege ist auch ein Langfinger-Fahrradhandschuh eine gute Option, um auch die Finger bei St\u00fcrzen ausreichend zu sch\u00fctzen. Somit bringen Fahrrad Handschuhe einen unerl\u00e4sslichen Schutz der H\u00e4nde. Au\u00dferdem sollte man darauf achten, dass die Handschuhe eine Ausziehhilfe haben, so kann man die Handschuhe super leicht an und wieder ausziehen, auch wenn sie kurze Finger haben. Bei w\u00e4rmeren Temperaturen ist es zudem wichtig, dass die Fahrradhandschuhe angenehm zu tragen und sehr <strong>atmungsaktiv<\/strong> sind. Die Handschuhe sollten eng an der Hand anliegen aber nicht eindr\u00fccken oder abschn\u00fcren, neuere Modelle haben extra eine ergonomische Passform, die sich f\u00fcr einen perfekten Sitz an die Hand anpasst. Eine gro\u00dfe Auswahl an verschiedenen Handschuhmodellen gibt es zum Beispiel hier im <a href=\"https:\/\/www.kinetixx.de\/bike?utm_source=wintersport_news&amp;utm_medium=click&amp;utm_campaign=bike_blog\" target=\"_blank\" rel=\"noopener\">Shop<\/a>.<\/p>\n<p>Bei l\u00e4ngeren Tagestouren ist eine geeignete <strong>Fahrradhose<\/strong> mit entsprechenden Schutzpolstern von gro\u00dfem Vorteil. Entsprechend dazu sollte aber nat\u00fcrlich auch der Sattel gut gepolstert und angenehm zu sitzen sein. Denn nichts ist schmerzhafter, als wenn auf der Fahrt der Hintern beginnt weh zu tun. Deshalb ist es vor allem beim sportlichen Radfahren wichtig eine funktionale Fahrradhose zu tragen, die ohne scheuernde N\u00e4hte auskommt, die atmungsaktiv ist und eine weiche Gelpolsterung im Schritt besitzt. <strong>Kleiner Tipp f\u00fcr Profis:<\/strong> Diese tragen unter der Hose meist keine Unterhose, um Druckstellen zu vermeiden. Wem das unangenehm ist kann auf spezielle Sportunterw\u00e4sche zur\u00fcckgreifen. Beim Kauf einer Fahrradhose lohnt es sich in jedem Fall etwas mehr zu investieren und auf eine hochwertige Qualit\u00e4t zu setzen.<\/p>\n<p>&nbsp;<\/p>\n<p>&nbsp;<\/p>\n<p>&nbsp;<\/p>\n<figure id=\"attachment_2615\" aria-describedby=\"caption-attachment-2615\" style=\"width: 2240px\" class=\"wp-caption aligncenter\"><img loading=\"lazy\" decoding=\"async\" class=\"wp-image-2615 size-full\" src=\"https:\/\/wintersport.news\/wp-content\/uploads\/2020\/07\/Fahrradausr\u00fcstung.png\" alt=\"\" width=\"2240\" height=\"1260\" srcset=\"https:\/\/wintersport.news\/wp-content\/uploads\/2020\/07\/Fahrradausr\u00fcstung.png 2240w, https:\/\/wintersport.news\/wp-content\/uploads\/2020\/07\/Fahrradausr\u00fcstung-150x84.png 150w, https:\/\/wintersport.news\/wp-content\/uploads\/2020\/07\/Fahrradausr\u00fcstung-300x169.png 300w, https:\/\/wintersport.news\/wp-content\/uploads\/2020\/07\/Fahrradausr\u00fcstung-768x432.png 768w, https:\/\/wintersport.news\/wp-content\/uploads\/2020\/07\/Fahrradausr\u00fcstung-1024x576.png 1024w, https:\/\/wintersport.news\/wp-content\/uploads\/2020\/07\/Fahrradausr\u00fcstung-370x208.png 370w, https:\/\/wintersport.news\/wp-content\/uploads\/2020\/07\/Fahrradausr\u00fcstung-1170x658.png 1170w, https:\/\/wintersport.news\/wp-content\/uploads\/2020\/07\/Fahrradausr\u00fcstung-760x428.png 760w, https:\/\/wintersport.news\/wp-content\/uploads\/2020\/07\/Fahrradausr\u00fcstung-270x152.png 270w\" sizes=\"(max-width: 2240px) 100vw, 2240px\" \/><figcaption id=\"caption-attachment-2615\" class=\"wp-caption-text\">Die richtige Ausr\u00fcstung f\u00fcr deine Fahrradtour<\/figcaption><\/figure>\n<p>&nbsp;<\/p>\n<p>Bei der weiteren Kleidung im Radbereich sind in Design und Funktion keine Grenzen gesetzt. Ob <strong>spezielle Trikots<\/strong> mit Taschen am R\u00fccken f\u00fcr den Energieriegel oder die Banane, lang\u00e4rmelige Mountainbike Shirts oder das atmungsaktive Sport-Shirt. Hier sollte getragen werden was passt, atmungsaktiv ist und vor allem auch \u00fcber l\u00e4ngere Zeit bequem ist und nicht zwickt. Wenn das Wetter sich schnell \u00e4ndern kann, vor allem in den Bergen, sollte auf den Zweibel-Look gesetzt werden mit einem weiteren Funktionshirt und vor allem auf eine <strong>hochwertige Regenjacke<\/strong>, die auch bei schwei\u00dftreibenden Anstiegen dicht h\u00e4lt und atmungsaktiv bleibt. Wichtig, gerade bei hei\u00dfen Temperaturen ist gen\u00fcgend Fl\u00fcssigkeit. Am besten eignen sich <strong>Trinkflaschen<\/strong>, die am Fahrrad verstaut werden k\u00f6nnen und eine Bef\u00fcllung mit stillem Mineralwasser. Auch ist ein <a href=\"https:\/\/www.kinetixx.de\/detail\/index\/sArticle\/190\/sCategory\/154\" target=\"_blank\" rel=\"noopener\">Rucksack<\/a> f\u00fcr l\u00e4ngere Touren sehr sinnvoll, um weitere Kleidung, Getr\u00e4nke und Proviant zu verstauen. Bei abenteuerlichen Abfahrten mit dem Mountainbike lohnt sich ein Rucksack mit eingebauten Protektoren. Wer sportlich unterwegs ist und viel trinkt, kann sich eine spezielle <strong>Trinkblase<\/strong> in den Rucksack bauen, aus dieser kann dann w\u00e4hrend der Fahrt, \u00fcber einen Schlauch bequem getrunken werden. Zum Schluss d\u00fcrfen festes, bequemes Schuhwerk, am besten passende Turnschuhe (oder ggf. spezielle Radschuhe) und ein <strong>Fahrradschloss<\/strong> nicht fehlen. Geht es in den Bikepark, auf die Downhillstrecke, sind ein spezieller Helm, mit B\u00fcgel \u00fcber das Kinn sowie eine komplette Ausr\u00fcstung mit <strong>Protketoren<\/strong> unverzichtbar.<\/p>\n<p>&nbsp;<\/p>\n<figure id=\"attachment_2612\" aria-describedby=\"caption-attachment-2612\" style=\"width: 2240px\" class=\"wp-caption aligncenter\"><img loading=\"lazy\" decoding=\"async\" class=\"wp-image-2612 size-full\" src=\"https:\/\/wintersport.news\/wp-content\/uploads\/2020\/07\/Fahrradreparatur.png\" alt=\"\" width=\"2240\" height=\"1260\" srcset=\"https:\/\/wintersport.news\/wp-content\/uploads\/2020\/07\/Fahrradreparatur.png 2240w, https:\/\/wintersport.news\/wp-content\/uploads\/2020\/07\/Fahrradreparatur-150x84.png 150w, https:\/\/wintersport.news\/wp-content\/uploads\/2020\/07\/Fahrradreparatur-300x169.png 300w, https:\/\/wintersport.news\/wp-content\/uploads\/2020\/07\/Fahrradreparatur-768x432.png 768w, https:\/\/wintersport.news\/wp-content\/uploads\/2020\/07\/Fahrradreparatur-1024x576.png 1024w, https:\/\/wintersport.news\/wp-content\/uploads\/2020\/07\/Fahrradreparatur-370x208.png 370w, https:\/\/wintersport.news\/wp-content\/uploads\/2020\/07\/Fahrradreparatur-1170x658.png 1170w, https:\/\/wintersport.news\/wp-content\/uploads\/2020\/07\/Fahrradreparatur-760x428.png 760w, https:\/\/wintersport.news\/wp-content\/uploads\/2020\/07\/Fahrradreparatur-270x152.png 270w\" sizes=\"(max-width: 2240px) 100vw, 2240px\" \/><figcaption id=\"caption-attachment-2612\" class=\"wp-caption-text\">Leichte Fahrradreparaturen k\u00f6nnen selbst erledigt werden<\/figcaption><\/figure>\n<p>&nbsp;<\/p>\n<p><strong>Wenn mal was kaputt geht<\/strong><\/p>\n<p>Auf keinen Fall fehlen darf auf den Weg in den Urlaub ein kleines <strong>Reparatur-Kit,<\/strong> um die h\u00e4ufigsten Pannen zu beheben. F\u00fcr die Aufbewahrung eignet sich am besten eine <strong>Fahrradtasche<\/strong>, die am Sattel befestigt wird. Hier k\u00f6nnen flicken, bei kleinen L\u00f6chern im Schlauch, Reifenheber und ein Multitool verstaut werden. Diese gibt es speziell f\u00fcr die Fahrradreparatur, um zum Beispiel schnell und einfach Schrauben zu l\u00f6sen. Ist der Fahrradschlauch nicht mehr zu flicken, sollte ein <strong>Ersatzschlauch<\/strong> mit im Rucksack sein. Wie der Schlauch getauscht wird schaut man sich am besten vorher in einem passenden <a href=\"https:\/\/www.youtube.com\/watch?v=0V4_NneKDEo\" target=\"_blank\" rel=\"noopener\">Tutorial<\/a> an. Last but not least darf nat\u00fcrlich eine funktionsf\u00e4hige <strong>Luftpumpe<\/strong> nicht fehlen.<\/p>\n<p>&nbsp;<\/p>\n<figure id=\"attachment_1502\" aria-describedby=\"caption-attachment-1502\" style=\"width: 433px\" class=\"wp-caption aligncenter\"><a href=\"https:\/\/wintersport.news\/wp-content\/uploads\/2020\/07\/first-aid-kit-59646_1920.jpg\"><img loading=\"lazy\" decoding=\"async\" class=\"wp-image-1502\" title=\"Erste Hilfe Set Fahrrad\" src=\"https:\/\/wintersport.news\/wp-content\/uploads\/2020\/07\/first-aid-kit-59646_1920.jpg\" alt=\"\" width=\"433\" height=\"325\" srcset=\"https:\/\/wintersport.news\/wp-content\/uploads\/2020\/07\/first-aid-kit-59646_1920.jpg 1920w, https:\/\/wintersport.news\/wp-content\/uploads\/2020\/07\/first-aid-kit-59646_1920-150x113.jpg 150w, https:\/\/wintersport.news\/wp-content\/uploads\/2020\/07\/first-aid-kit-59646_1920-300x225.jpg 300w, https:\/\/wintersport.news\/wp-content\/uploads\/2020\/07\/first-aid-kit-59646_1920-768x576.jpg 768w, https:\/\/wintersport.news\/wp-content\/uploads\/2020\/07\/first-aid-kit-59646_1920-1024x768.jpg 1024w, https:\/\/wintersport.news\/wp-content\/uploads\/2020\/07\/first-aid-kit-59646_1920-370x278.jpg 370w, https:\/\/wintersport.news\/wp-content\/uploads\/2020\/07\/first-aid-kit-59646_1920-760x570.jpg 760w\" sizes=\"(max-width: 433px) 100vw, 433px\" \/><\/a><figcaption id=\"caption-attachment-1502\" class=\"wp-caption-text\">Das Erste Hilfe Set darf auf keiner Tour fehlen!<\/figcaption><\/figure>\n<p><strong>Im Notfall<\/strong><\/p>\n<p>Sollte unterwegs ein Sturz passieren oder eine andere Verletzung auftreten ist es super wichtig ein kleines <strong>erste Hilfe Set<\/strong> im Rucksack zu haben. Diese gibt es als zusammengestellte Sets schon fertig zu kaufen. Was nat\u00fcrlich nicht fehlen darf sind Desinfektionsmittel, eine Jodsalbe f\u00fcr Sch\u00fcrfungen, Pflaster, eine Mullbinde und sterile Kompressen.<\/p>\n<p>Sinnvoll ist es auch die erste Hilfe Tasche um <strong>Insektenschutzmittel und Sonnencreme,<\/strong> beziehungsweise ein Gel gegen Sonnenbrand und Insektenstiche zu erweitern. So k\u00f6nnt ihr gut ger\u00fcstet f\u00fcr den Ernstfall los radeln.<\/p>\n<p>&nbsp;<\/p>\n<figure id=\"attachment_2618\" aria-describedby=\"caption-attachment-2618\" style=\"width: 2240px\" class=\"wp-caption aligncenter\"><img loading=\"lazy\" decoding=\"async\" class=\"wp-image-2618 size-full\" src=\"https:\/\/wintersport.news\/wp-content\/uploads\/2020\/07\/Fahrradtaschen.png\" alt=\"\" width=\"2240\" height=\"1260\" srcset=\"https:\/\/wintersport.news\/wp-content\/uploads\/2020\/07\/Fahrradtaschen.png 2240w, https:\/\/wintersport.news\/wp-content\/uploads\/2020\/07\/Fahrradtaschen-150x84.png 150w, https:\/\/wintersport.news\/wp-content\/uploads\/2020\/07\/Fahrradtaschen-300x169.png 300w, https:\/\/wintersport.news\/wp-content\/uploads\/2020\/07\/Fahrradtaschen-768x432.png 768w, https:\/\/wintersport.news\/wp-content\/uploads\/2020\/07\/Fahrradtaschen-1024x576.png 1024w, https:\/\/wintersport.news\/wp-content\/uploads\/2020\/07\/Fahrradtaschen-370x208.png 370w, https:\/\/wintersport.news\/wp-content\/uploads\/2020\/07\/Fahrradtaschen-1170x658.png 1170w, https:\/\/wintersport.news\/wp-content\/uploads\/2020\/07\/Fahrradtaschen-760x428.png 760w, https:\/\/wintersport.news\/wp-content\/uploads\/2020\/07\/Fahrradtaschen-270x152.png 270w\" sizes=\"(max-width: 2240px) 100vw, 2240px\" \/><figcaption id=\"caption-attachment-2618\" class=\"wp-caption-text\">Richtig gepackte Gep\u00e4cktaschen d\u00fcrfen bei l\u00e4ngeren Fahrradtouren nicht fehlen<\/figcaption><\/figure>\n<p>&nbsp;<\/p>\n<p><strong>Das Gep\u00e4ck gut verstaut<\/strong><\/p>\n<p>Soll es mit dem Fahrrad auf eine l\u00e4ngere Tour mit einigen \u00dcbernachtungen gehen, d\u00fcrfen nat\u00fcrlich entsprechende Fahrradtaschen nicht fehlen. F\u00fcr den t\u00e4glichen Gebrauch oder Tagestouren reichen Doppeltaschen f\u00fcr hinten (40L-50L) am Fahrrad oder einfache Satteltaschen vollkommen aus, um das N\u00f6tigste zu verstauen. Soll das ganze Gep\u00e4ck und eventuell noch Zelt und Schlafsack auf dem Fahrrad mit transporiert werden, sollte das ganze Fahrrad mit passenden Gep\u00e4cktaschen ausgestattet werden. Zum Beispiel mit Doppeltaschen hinten und vorne (20L-30L) und Lenkertaschen (1L-15L). Einen ausf\u00fchrlichen Ratgeber zu den Satteltaschen findet ihr <a href=\"https:\/\/www.mctrek.de\/de\/kaufberatung\/fahrradtaschen.html\">here<\/a>.\u00a0 In der Lenkertasche solltest du leichtes Material verstauen, das vorallem schnell zug\u00e4nglich sein sollte, wie Isomatte, Karten, Regenschutz und Proviant. In die kleineren Doppeltaschen, wie vorne am Fahrrad kannst du mittelgro\u00dfe Ausr\u00fcstungsgegest\u00e4nde wie Kleidung und weiter Ausr\u00fcstung verstauen. In die hinteren Taschen kommen dann die schwereren Sachen wie Zelt, Reparaturmaterial, Wasserkocher, Wasserflaschen und weitere Nahrungsmittel. Bei sehr langen Touren eignen sich am besten sogennante Rahmentaschen, die in den Fahrradrahmen eingebaut werden.<\/p>\n<p>&nbsp;<\/p>\n<p><strong>Fahrrad check vor dem Urlaub<\/strong><\/p>\n<p>Kommt das Fahrrad aus dem Winterschlaf und wurde l\u00e4nger nicht benutzt ist es sinnvoll es in einem Fahrradgesch\u00e4ft durchchecken zu lassen und auf Vordermann zu bringen. Wollt ihr f\u00fcr euch die wichtigsten Stellen checken sollte folgendes beachtet werden:<\/p>\n<p>Als erstes sollte das komplette Fahrrad <strong>gereinigt<\/strong> werden, um m\u00f6gliche Defekte besser entdecken zu k\u00f6nnen. Hierf\u00fcr eignet sich ein passender <strong>Fahrradreiniger<\/strong>. Einfach aufspr\u00fchen und abwischen. Schwer erreichbare Teile k\u00f6nnen zum Beispiel mit einer alten Zahnb\u00fcrste gereinigt werden. Anschlie\u00dfend die Wasserflecken weg polieren, dann kann es mit dem gr\u00fcndlichen Check losgehen.<\/p>\n<figure id=\"attachment_1507\" aria-describedby=\"caption-attachment-1507\" style=\"width: 538px\" class=\"wp-caption aligncenter\"><a href=\"https:\/\/wintersport.news\/wp-content\/uploads\/2020\/07\/IMG_4510.jpg\"><img loading=\"lazy\" decoding=\"async\" class=\"wp-image-1507\" src=\"https:\/\/wintersport.news\/wp-content\/uploads\/2020\/07\/IMG_4510.jpg\" alt=\"\" width=\"538\" height=\"354\" srcset=\"https:\/\/wintersport.news\/wp-content\/uploads\/2020\/07\/IMG_4510.jpg 4969w, https:\/\/wintersport.news\/wp-content\/uploads\/2020\/07\/IMG_4510-150x99.jpg 150w, https:\/\/wintersport.news\/wp-content\/uploads\/2020\/07\/IMG_4510-300x197.jpg 300w, https:\/\/wintersport.news\/wp-content\/uploads\/2020\/07\/IMG_4510-768x505.jpg 768w, https:\/\/wintersport.news\/wp-content\/uploads\/2020\/07\/IMG_4510-1024x673.jpg 1024w, https:\/\/wintersport.news\/wp-content\/uploads\/2020\/07\/IMG_4510-370x243.jpg 370w, https:\/\/wintersport.news\/wp-content\/uploads\/2020\/07\/IMG_4510-760x499.jpg 760w\" sizes=\"(max-width: 538px) 100vw, 538px\" \/><\/a><figcaption id=\"caption-attachment-1507\" class=\"wp-caption-text\">Das \u00d6len der Fahrradkette ist wichtig!<\/figcaption><\/figure>\n<p>Wichtig f\u00fcr das Fahrradfahren sind die <strong>Reifen<\/strong>. Diese sollten gr\u00fcndlich kontrolliert werden. Dabei sollte das Rad beim anschieben rund laufen, ohne zu eiern und ohne verbogene Stellen. Au\u00dferdem ist es wichtig den Reifen auf Unregelm\u00e4ssigkeiten und Risse zu kontrollieren. Ist der Mantel spr\u00f6de oder nicht mehr gen\u00fcgend Profil vorhanden, sollte der Reifen im Fahrradgesch\u00e4ft getauscht werden. Um den Reifen auf L\u00f6cher zu kontrollieren sollte er zun\u00e4chst erneut aufgepumpt werden. Entweicht immer noch Luft ist es sinnvoll den Schlauch zu tauschen. Als n\u00e4chstes geht es an die <strong>Bremsenkontrolle<\/strong>, denn funktionierende Bremsen sind lebenswichtig. Bei Felgenbremsen einfach vor der ersten Fahrt die Bremsen ausprobieren ob diese gleichm\u00e4\u00dfig und ohne Verz\u00f6gerung greifen. Ist dies nicht der Fall, sind eventuell die Bremsbel\u00e4ge verschlissen. Ist die Markierung nicht mehr zu sehen, m\u00fcssen diese ausgetauscht werden. Anschlie\u00dfend sollten noch die Bremsz\u00fcge kontrolliert und gegebenenfalls mit Bremsenreiniger gereinigt werden. Bei Scheibenbremsen ist es allerdings etwas komplizierter, da diese aufwendig gel\u00fcftet werden m\u00fcssen. Dies sollte am besten von einem Fachgesch\u00e4ft erledigt werden.<\/p>\n<p>Anschlie\u00dfend sollte noch die <strong>Kette<\/strong> startklar gemacht werden. Dazu einfach die Kette durch einen trockenen Lappen laufen lassen, der sie von Schmutz und \u00d6lresten befreit. Anschlie\u00dfend einen Spritzer <strong>Fahrrad-Ketten\u00f6l<\/strong> auf jedes Element geben und mehrmals im Leerlauf durchlaufen lassen.<\/p>\n<p>Zum Test sollte au\u00dferdem die <strong>Schaltung<\/strong> kontrolliert werden, l\u00e4uft diese nicht rund oder reagiert verz\u00f6gert, sollte die Kette von einem Fachgesch\u00e4ft kontrolliert und gegebenenfalls ausgetauscht werden.<\/p>\n<p>Zum Schluss sollten nochmals alle <strong>Schrauben<\/strong> kontrolliert und wenn locker mit entsprechendem Werkzeug nachgezogen sowie die Beleuchtung, die Klingel und sonstige Zusatzteile \u00fcberpr\u00fcft werden. Nun steht den nahenden Urlaubstagen mit dem Fahrrad nichts mehr im Wege.<\/p>\n<p>&nbsp;<\/p>\n<figure id=\"attachment_2623\" aria-describedby=\"caption-attachment-2623\" style=\"width: 2240px\" class=\"wp-caption aligncenter\"><img loading=\"lazy\" decoding=\"async\" class=\"wp-image-2623 size-full\" src=\"https:\/\/wintersport.news\/wp-content\/uploads\/2020\/07\/Fahrradurlaub.png\" alt=\"\" width=\"2240\" height=\"1260\" srcset=\"https:\/\/wintersport.news\/wp-content\/uploads\/2020\/07\/Fahrradurlaub.png 2240w, https:\/\/wintersport.news\/wp-content\/uploads\/2020\/07\/Fahrradurlaub-150x84.png 150w, https:\/\/wintersport.news\/wp-content\/uploads\/2020\/07\/Fahrradurlaub-300x169.png 300w, https:\/\/wintersport.news\/wp-content\/uploads\/2020\/07\/Fahrradurlaub-768x432.png 768w, https:\/\/wintersport.news\/wp-content\/uploads\/2020\/07\/Fahrradurlaub-1024x576.png 1024w, https:\/\/wintersport.news\/wp-content\/uploads\/2020\/07\/Fahrradurlaub-370x208.png 370w, https:\/\/wintersport.news\/wp-content\/uploads\/2020\/07\/Fahrradurlaub-1170x658.png 1170w, https:\/\/wintersport.news\/wp-content\/uploads\/2020\/07\/Fahrradurlaub-760x428.png 760w, https:\/\/wintersport.news\/wp-content\/uploads\/2020\/07\/Fahrradurlaub-270x152.png 270w\" sizes=\"(max-width: 2240px) 100vw, 2240px\" \/><figcaption id=\"caption-attachment-2623\" class=\"wp-caption-text\">Auf gehts ins Abenteuer mit dem Bike!<\/figcaption><\/figure>\n<p>&nbsp;<\/p>\n<p><strong>Alles gut verpackt<\/strong><\/p>\n<p>Zum Abschluss muss neben dem Fahrrad auch noch das ganze Gep\u00e4ck mit verstaut werden, um f\u00fcr den n\u00e4chsten Urlaub mit dem Fahrrad nichts zu vergessen kommt hier eine Packliste f\u00fcr die n\u00e4chste Fahrradtour:<\/p>\n<p>Download hier:<\/p>\n<p><a href=\"https:\/\/wintersport.news\/wp-content\/uploads\/2020\/07\/packliste-fahrradtour-1.pdf\">Packliste Fahrradtour<\/a><\/p>\n<p><a href=\"https:\/\/wintersport.news\/wp-content\/uploads\/2020\/07\/packliste-fahrradtour1.jpg\"><img loading=\"lazy\" decoding=\"async\" class=\"alignleft size-full wp-image-1519\" src=\"https:\/\/wintersport.news\/wp-content\/uploads\/2020\/07\/packliste-fahrradtour1.jpg\" alt=\"\" width=\"1654\" height=\"2339\" srcset=\"https:\/\/wintersport.news\/wp-content\/uploads\/2020\/07\/packliste-fahrradtour1.jpg 1654w, https:\/\/wintersport.news\/wp-content\/uploads\/2020\/07\/packliste-fahrradtour1-106x150.jpg 106w, https:\/\/wintersport.news\/wp-content\/uploads\/2020\/07\/packliste-fahrradtour1-212x300.jpg 212w, https:\/\/wintersport.news\/wp-content\/uploads\/2020\/07\/packliste-fahrradtour1-768x1086.jpg 768w, https:\/\/wintersport.news\/wp-content\/uploads\/2020\/07\/packliste-fahrradtour1-724x1024.jpg 724w, https:\/\/wintersport.news\/wp-content\/uploads\/2020\/07\/packliste-fahrradtour1-370x523.jpg 370w, https:\/\/wintersport.news\/wp-content\/uploads\/2020\/07\/packliste-fahrradtour1-760x1075.jpg 760w\" sizes=\"(max-width: 1654px) 100vw, 1654px\" \/><\/a><\/p>\n<p>&nbsp;<\/p>","protected":false},"excerpt":{"rendered":"<p>Ist dein Fahrrad startklar f\u00fcr den Sommerurlaub? Der Sommer steht vor der T\u00fcr und wir alle sehnen uns nach Urlaub, Reisen und Erholung. Reiseziel ist auch in diesem Jar f\u00fcr viele die n\u00e4here Umgebung und vor allem: Urlaub in Deutschland. Der Begleiter Nummer 1 ist da nat\u00fcrlich das Fahrrad. Doch was muss alles beachtet, geplant [&hellip;]<\/p>","protected":false},"author":3,"featured_media":2606,"comment_status":"open","ping_status":"closed","sticky":false,"template":"","format":"standard","meta":{"footnotes":""},"categories":[32],"tags":[41],"class_list":["post-1487","post","type-post","status-publish","format-standard","has-post-thumbnail","hentry","category-ratgeber","tag-fahrrad"],"_links":{"self":[{"href":"https:\/\/wintersport.news\/en\/wp-json\/wp\/v2\/posts\/1487","targetHints":{"allow":["GET"]}}],"collection":[{"href":"https:\/\/wintersport.news\/en\/wp-json\/wp\/v2\/posts"}],"about":[{"href":"https:\/\/wintersport.news\/en\/wp-json\/wp\/v2\/types\/post"}],"author":[{"embeddable":true,"href":"https:\/\/wintersport.news\/en\/wp-json\/wp\/v2\/users\/3"}],"replies":[{"embeddable":true,"href":"https:\/\/wintersport.news\/en\/wp-json\/wp\/v2\/comments?post=1487"}],"version-history":[{"count":34,"href":"https:\/\/wintersport.news\/en\/wp-json\/wp\/v2\/posts\/1487\/revisions"}],"predecessor-version":[{"id":2624,"href":"https:\/\/wintersport.news\/en\/wp-json\/wp\/v2\/posts\/1487\/revisions\/2624"}],"wp:featuredmedia":[{"embeddable":true,"href":"https:\/\/wintersport.news\/en\/wp-json\/wp\/v2\/media\/2606"}],"wp:attachment":[{"href":"https:\/\/wintersport.news\/en\/wp-json\/wp\/v2\/media?parent=1487"}],"wp:term":[{"taxonomy":"category","embeddable":true,"href":"https:\/\/wintersport.news\/en\/wp-json\/wp\/v2\/categories?post=1487"},{"taxonomy":"post_tag","embeddable":true,"href":"https:\/\/wintersport.news\/en\/wp-json\/wp\/v2\/tags?post=1487"}],"curies":[{"name":"wp","href":"https:\/\/api.w.org\/{rel}","templated":true}]}}