{"id":147,"date":"2018-12-06T11:42:15","date_gmt":"2018-12-06T11:42:15","guid":{"rendered":"http:\/\/wintersport.news\/?p=147"},"modified":"2018-12-06T11:43:44","modified_gmt":"2018-12-06T11:43:44","slug":"martin-fourcade-gewinnt-die-20-km-von-pokljuka","status":"publish","type":"post","link":"https:\/\/wintersport.news\/en\/martin-fourcade-gewinnt-die-20-km-von-pokljuka\/","title":{"rendered":"Martin Fourcade gewinnt die 20 Km von Pokljuka"},"content":{"rendered":"<p><strong>Was f\u00fcr ein Einstieg in die neue Saison!<\/strong><\/p>\n<p>Im ersten Einzelrennen der Saison, den 20 Km Individuell von Pokljuka war Martin Fourcade auch diesmal der Sieg nicht zu nehmen. Mit einer sehr konzentrierten und fehlerfreien Schie\u00dfleistung ( 4 X null ) legte er den Grundstein zum Erfolg. Auf der Strecke konnte er seine Power auf Stock und Ski \u00fcbertragen und schlug so den deutschen Johannes K\u00fchn. Obwohl er sich beim Startplatz auslosen, mit dem 84 Rang etwas verkalkuliert hatte, da sich das Wetter nicht wie erwartet ver\u00e4nderte und die Loipe somit immer schwerer wurde, zeigte der Franzose seine absolute Weltklasse und fuhr den Sieg nach Hause.<\/p>\n<p>Ergebnisse 20 Km Individuell, Pokljuka:<\/p>\n<ol>\n<li>Martin Fourcade, FRA \u00a0 \u00a0 \u00a047.09,2 Min.<\/li>\n<li>Johannes K\u00fchn, GER \u00a0 \u00a0 \u00a0 + 4,2 Sek<\/li>\n<li>Simon Eder, AUT \u00a0 \u00a0 \u00a0 \u00a0 \u00a0 \u00a0 \u00a0+ 19,2 Sek.<\/li>\n<\/ol>\n<blockquote><p>Ich hatte mich in meiner Startgruppe etwas verzockt, und wusste ich kann heute hier nur mit einer optimalen Schiessleistung gewinnen.<\/p>\n<p>Ich liebe diesen Weltcup und freue mich \u00fcber meinen Sieg.<\/p>\n<p>Statement \u00a0Martin Fourcade<\/p><\/blockquote>","protected":false},"excerpt":{"rendered":"<p>Was f\u00fcr ein Einstieg in die neue Saison! Im ersten Einzelrennen der Saison, den 20 Km Individuell von Pokljuka war Martin Fourcade auch diesmal der Sieg nicht zu nehmen. Mit einer sehr konzentrierten und fehlerfreien Schie\u00dfleistung ( 4 X null ) legte er den Grundstein zum Erfolg. Auf der Strecke konnte er seine Power auf [&hellip;]<\/p>","protected":false},"author":3,"featured_media":148,"comment_status":"open","ping_status":"closed","sticky":false,"template":"","format":"standard","meta":{"footnotes":""},"categories":[3],"tags":[6,14],"class_list":["post-147","post","type-post","status-publish","format-standard","has-post-thumbnail","hentry","category-news","tag-biathlon","tag-martin-fourcade"],"_links":{"self":[{"href":"https:\/\/wintersport.news\/en\/wp-json\/wp\/v2\/posts\/147","targetHints":{"allow":["GET"]}}],"collection":[{"href":"https:\/\/wintersport.news\/en\/wp-json\/wp\/v2\/posts"}],"about":[{"href":"https:\/\/wintersport.news\/en\/wp-json\/wp\/v2\/types\/post"}],"author":[{"embeddable":true,"href":"https:\/\/wintersport.news\/en\/wp-json\/wp\/v2\/users\/3"}],"replies":[{"embeddable":true,"href":"https:\/\/wintersport.news\/en\/wp-json\/wp\/v2\/comments?post=147"}],"version-history":[{"count":2,"href":"https:\/\/wintersport.news\/en\/wp-json\/wp\/v2\/posts\/147\/revisions"}],"predecessor-version":[{"id":150,"href":"https:\/\/wintersport.news\/en\/wp-json\/wp\/v2\/posts\/147\/revisions\/150"}],"wp:featuredmedia":[{"embeddable":true,"href":"https:\/\/wintersport.news\/en\/wp-json\/wp\/v2\/media\/148"}],"wp:attachment":[{"href":"https:\/\/wintersport.news\/en\/wp-json\/wp\/v2\/media?parent=147"}],"wp:term":[{"taxonomy":"category","embeddable":true,"href":"https:\/\/wintersport.news\/en\/wp-json\/wp\/v2\/categories?post=147"},{"taxonomy":"post_tag","embeddable":true,"href":"https:\/\/wintersport.news\/en\/wp-json\/wp\/v2\/tags?post=147"}],"curies":[{"name":"wp","href":"https:\/\/api.w.org\/{rel}","templated":true}]}}