{"id":1267,"date":"2020-02-10T06:51:06","date_gmt":"2020-02-10T06:51:06","guid":{"rendered":"http:\/\/wintersport.news\/?p=1267"},"modified":"2020-02-10T06:52:37","modified_gmt":"2020-02-10T06:52:37","slug":"orkantief-stoppt-weltcup-leyhe-gewinnt-kamil-stoch-wird-dritter","status":"publish","type":"post","link":"https:\/\/wintersport.news\/en\/orkantief-stoppt-weltcup-leyhe-gewinnt-kamil-stoch-wird-dritter\/","title":{"rendered":"Orkantief stoppt Weltcup: Leyhe gewinnt, Kamil Stoch wird Dritter"},"content":{"rendered":"<p>Wegen des Orkantiefs Sabine hat das OK von Willingen den Weltcup der Skispringer aus Sicherheitsgr\u00fcnden abgesagt. Starker Wind hatte bereits das Training zum Abbruch gef\u00fchrt, und auch die Qualifikation musste verlegt werde. Das Finale f\u00fcr Sonntag wurde ebenfalls gecancelt. Durch die Absage des Wettbewerbs am Sonntag, wurden alle Spr\u00fcnge der Qualifikation und ein Sprung in die Wertung genommen, bei dem Lokalmatador Stephan Leyhe seinen ersten Weltcup gewann. Kamil Stoch, nach dem ersten Sprung noch in F\u00fchrung liegend belegte Platz drei an der M\u00fchlenkopfschanze, der Zweite Platz ging an Marius Lindvik. Vierschanzentournee Sieger Dawid Kubacki kam in Willingen mit der Schanze nicht so zurecht und belegte Platz 15.<\/p>\n<p>&nbsp;<\/p>\n<p>Ergebnisse Skisprung Weltcup Willingen:<\/p>\n<p>&nbsp;<\/p>\n<ol>\n<li>Stephan Leyhe, GER 266,4 Punkte<\/li>\n<\/ol>\n<p>2.Marius Lindvik, NOR\u00a0\u00a0\u00a0\u00a0\u00a0 262,4 Punkte<\/p>\n<p>3.Kamil Stoch, POL\u00a0\u00a0\u00a0\u00a0\u00a0\u00a0\u00a0\u00a0\u00a0\u00a0 254,6 Punkte<\/p>\n<p>&nbsp;<\/p>\n<p>.<\/p>\n<ol start=\"15\">\n<li>Dawid Kubacki, POL 232,1 Punkte<\/li>\n<\/ol>\n<p>&nbsp;<\/p>\n<blockquote><p>Kamil Stoch: Die Entscheidung den Wettkampf abzubrechen war richtig. Es geht hier einzig und allein um die Sicherheit und die Gesundheit von uns Springern. Nat\u00fcrlich h\u00e4tten wir hier weiter springen wollen, aber das w\u00e4re zu gef\u00e4hrlich gewesen. Mit dem dritten Platz bin ich sehr zufrieden.\u201c<\/p><\/blockquote>\n<p>&nbsp;<\/p>\n<p>&nbsp;<\/p>","protected":false},"excerpt":{"rendered":"<p>Wegen des Orkantiefs Sabine hat das OK von Willingen den Weltcup der Skispringer aus Sicherheitsgr\u00fcnden abgesagt. Starker Wind hatte bereits das Training zum Abbruch gef\u00fchrt, und auch die Qualifikation musste verlegt werde. Das Finale f\u00fcr Sonntag wurde ebenfalls gecancelt. Durch die Absage des Wettbewerbs am Sonntag, wurden alle Spr\u00fcnge der Qualifikation und ein Sprung in [&hellip;]<\/p>","protected":false},"author":3,"featured_media":1270,"comment_status":"open","ping_status":"closed","sticky":false,"template":"","format":"standard","meta":{"footnotes":""},"categories":[3],"tags":[7],"class_list":["post-1267","post","type-post","status-publish","format-standard","has-post-thumbnail","hentry","category-news","tag-skispringen"],"_links":{"self":[{"href":"https:\/\/wintersport.news\/en\/wp-json\/wp\/v2\/posts\/1267","targetHints":{"allow":["GET"]}}],"collection":[{"href":"https:\/\/wintersport.news\/en\/wp-json\/wp\/v2\/posts"}],"about":[{"href":"https:\/\/wintersport.news\/en\/wp-json\/wp\/v2\/types\/post"}],"author":[{"embeddable":true,"href":"https:\/\/wintersport.news\/en\/wp-json\/wp\/v2\/users\/3"}],"replies":[{"embeddable":true,"href":"https:\/\/wintersport.news\/en\/wp-json\/wp\/v2\/comments?post=1267"}],"version-history":[{"count":2,"href":"https:\/\/wintersport.news\/en\/wp-json\/wp\/v2\/posts\/1267\/revisions"}],"predecessor-version":[{"id":1271,"href":"https:\/\/wintersport.news\/en\/wp-json\/wp\/v2\/posts\/1267\/revisions\/1271"}],"wp:featuredmedia":[{"embeddable":true,"href":"https:\/\/wintersport.news\/en\/wp-json\/wp\/v2\/media\/1270"}],"wp:attachment":[{"href":"https:\/\/wintersport.news\/en\/wp-json\/wp\/v2\/media?parent=1267"}],"wp:term":[{"taxonomy":"category","embeddable":true,"href":"https:\/\/wintersport.news\/en\/wp-json\/wp\/v2\/categories?post=1267"},{"taxonomy":"post_tag","embeddable":true,"href":"https:\/\/wintersport.news\/en\/wp-json\/wp\/v2\/tags?post=1267"}],"curies":[{"name":"wp","href":"https:\/\/api.w.org\/{rel}","templated":true}]}}