{"id":1262,"date":"2020-02-04T08:51:51","date_gmt":"2020-02-04T08:51:51","guid":{"rendered":"http:\/\/wintersport.news\/?p=1262"},"modified":"2020-02-04T08:51:51","modified_gmt":"2020-02-04T08:51:51","slug":"der-zweite-mann-oder-koenig-fuer-einen-winter","status":"publish","type":"post","link":"https:\/\/wintersport.news\/en\/der-zweite-mann-oder-koenig-fuer-einen-winter\/","title":{"rendered":"Der zweite Mann oder K\u00f6nig f\u00fcr einen Winter"},"content":{"rendered":"<p>Jahrelang war das in Seefeld so: Immer unmittelbar nach Bekanntgabe des Beschlusses der FIS, den Zuschlag f\u00fcr die Ausrichtung des so genannten \u201eTriples\u201c in der Nordischen Kombination wieder an den \u00f6sterreichischen Wintersportort zu vergeben, begannen sie in Tirol mit dem Schnitzen der Siegerpokale. Und immer ritzte man den Namen des Siegers gleich mit ein, in die Troph\u00e4en: Eric Frenzel!<\/p>\n<p>Der Sachse hat zu Seefeld ein besonderes Verh\u00e4ltnis. 2010 gewann Frenzel dort zum ersten Mal einen Weltcup, 2013 folgte ein Doppelsieg und als sich die Tiroler entschlossen hatten, ihre Wettkampfserie \u201eTriple\u201c zu taufen, war Frenzel da. Vier Jahre \u2013 bis 2016 oder 14 Weltcups lang dauerte der Siegeszug des Oberwiesenthalers. In Seefeld bauten sie inzwischen Skilifte, Stra\u00dfen, Einkaufszentren und \u00fcberlegten, die nach Frenzel zu benennen. Zum Gl\u00fcck haben es die \u00d6sterreicher nicht gemacht. Denn auch andere h\u00e4tten es verdient gehabt, so geehrt zu werden.<\/p>\n<p>Nehmen wir zum Beispiel Akito Watabe aus Japan. Der agierte jahrelang als Schattenmann, ehe er nach mehreren Anl\u00e4ufen 2018 endlich selbst ins Licht des Siegers treten konnte. Watabe und Frenzel \u2013 das ist eine ganz besondere Beziehung, gepr\u00e4gt von Respekt, Toleranz, der gegenseitigen Achtung und der Anerkennung der Leistung des Konkurrenten. W\u00e4re da nicht der Leistungssport und die damit verbundene Rivalit\u00e4t, man k\u00f6nnte vielleicht von einer Freundschaft sprechen. Was auch daran liegt, dass sich der 31j\u00e4hrige eher stille Ausnahmek\u00f6nner aus dem Olympiaort Hakuba in der Pr\u00e4fektur Nagano (1998 Austragungsort Olympischer Winterspiele) und der Oberwiesenthaler schon sehr lange kennen. Beide z\u00e4hlen mit ihren jeweils 31 Jahren im Weltcupzirkus praktisch zum Inventar.\u00a0 Watabe gibt es zudem eigentlich nur im Doppelpack, neben Akito ist n\u00e4mlich auch sein drei Jahre j\u00fcngerer Bruder Yoshito im Weltcup unterwegs, oft allerdings ein paar Pl\u00e4tze weiter hinten gelistet. Der Star der Familie bleibt der \u00c4ltere; er ist auch der Vorzeigekombinierer Japans und somit Nachfolger der Kono, Abe und Ogiwara, die im letzten Jahrzehnt des vorigen Jahrhunderts f\u00fcr die Erfolge gesorgt hatten.<\/p>\n<p>Akito Watabe jedenfalls lief sp\u00e4testens 2018 aus Frenzels Schatten. Im Jahr zuvor hatte der Mann aus Fernost schon am Gesamtsieg geschnuppert, sich aber nach einer Energieleistung des Deutschen im letzten Lauf noch geschlagen geben m\u00fcssen. Im Olympiajahr aber schlug Watabes gro\u00dfe Stunde. Drei Starts \u2013 drei Siege, mehr geht nicht. Der 1,73 Meter gro\u00dfe und nur 60 Kilogramm schwere Athlet kr\u00f6nte sich zum neuen Kombinierer-K\u00f6nig, zum Nachfolger des Regenten Eric, holte zudem auch den Gesamt-Weltcup. Allerdings: Die Herrschaft des bis dahin \u201eEwigen Zweiten\u201c und nun Allerersten dauerte nur 12 Monate, dann schwang sich \u00d6sterreichs Mario Seidl zum \u201eKing of Triple\u201c auf. Watabe konnte allerdings behaupten, letzter Seefeld-Sieger zu sein, denn weil die WM 2109 ebenda stattfand, hatte man den Wochenend-Dreikampf kurzerhand nach Frankreich verlegt. Seit dem ersten Februarwochenende ist aber auch die Seefeld-Herrlichkeit f\u00fcr Akito Watabe Geschichte. Denn mit Norwegens Jarl Magnus Riiber kr\u00f6nte sich ein junger Norweger zum neuen K\u00f6nig. Riiber siegte wie einst Frenzel und Watabe gleich dreifach, lies keinen Zweifel an seiner \u00dcberlegenheit und gewann die in diesem weltmeisterschaftslosen Winter damit den nach dem Gesamtweltcup wichtigsten Pokal. Watabe gratulierte artig und freute sich \u00fcber seine drei Top-Ten-Platzierungen, die ihn auch im Weltcup wieder n\u00e4her an die besten 10 heranbringen. Und im kommenden WM-Winter \u2013 das gilt f\u00fcr Watabe ebenso wie f\u00fcr Frenzel \u2013 werden die Karten dann neu gemischt, die alten K\u00f6nige versuchen, ihre verlorenen Positionen zur\u00fcckzuerobern.<\/p>","protected":false},"excerpt":{"rendered":"<p>Jahrelang war das in Seefeld so: Immer unmittelbar nach Bekanntgabe des Beschlusses der FIS, den Zuschlag f\u00fcr die Ausrichtung des so genannten \u201eTriples\u201c in der Nordischen Kombination wieder an den \u00f6sterreichischen Wintersportort zu vergeben, begannen sie in Tirol mit dem Schnitzen der Siegerpokale. Und immer ritzte man den Namen des Siegers gleich mit ein, in [&hellip;]<\/p>","protected":false},"author":3,"featured_media":1263,"comment_status":"open","ping_status":"closed","sticky":false,"template":"","format":"standard","meta":{"footnotes":""},"categories":[4,30],"tags":[8],"class_list":["post-1262","post","type-post","status-publish","format-standard","has-post-thumbnail","hentry","category-blog","category-blog_wintersport_insights","tag-nordische-kombination"],"_links":{"self":[{"href":"https:\/\/wintersport.news\/en\/wp-json\/wp\/v2\/posts\/1262","targetHints":{"allow":["GET"]}}],"collection":[{"href":"https:\/\/wintersport.news\/en\/wp-json\/wp\/v2\/posts"}],"about":[{"href":"https:\/\/wintersport.news\/en\/wp-json\/wp\/v2\/types\/post"}],"author":[{"embeddable":true,"href":"https:\/\/wintersport.news\/en\/wp-json\/wp\/v2\/users\/3"}],"replies":[{"embeddable":true,"href":"https:\/\/wintersport.news\/en\/wp-json\/wp\/v2\/comments?post=1262"}],"version-history":[{"count":1,"href":"https:\/\/wintersport.news\/en\/wp-json\/wp\/v2\/posts\/1262\/revisions"}],"predecessor-version":[{"id":1264,"href":"https:\/\/wintersport.news\/en\/wp-json\/wp\/v2\/posts\/1262\/revisions\/1264"}],"wp:featuredmedia":[{"embeddable":true,"href":"https:\/\/wintersport.news\/en\/wp-json\/wp\/v2\/media\/1263"}],"wp:attachment":[{"href":"https:\/\/wintersport.news\/en\/wp-json\/wp\/v2\/media?parent=1262"}],"wp:term":[{"taxonomy":"category","embeddable":true,"href":"https:\/\/wintersport.news\/en\/wp-json\/wp\/v2\/categories?post=1262"},{"taxonomy":"post_tag","embeddable":true,"href":"https:\/\/wintersport.news\/en\/wp-json\/wp\/v2\/tags?post=1262"}],"curies":[{"name":"wp","href":"https:\/\/api.w.org\/{rel}","templated":true}]}}