{"id":1145,"date":"2020-01-11T19:47:31","date_gmt":"2020-01-11T19:47:31","guid":{"rendered":"http:\/\/wintersport.news\/?p=1145"},"modified":"2020-11-17T11:21:07","modified_gmt":"2020-11-17T11:21:07","slug":"unschlagbare-damenstaffel","status":"publish","type":"post","link":"https:\/\/wintersport.news\/en\/unschlagbare-damenstaffel\/","title":{"rendered":"Unschlagbare Damenstaffel"},"content":{"rendered":"<p>Wer will diese Norwegische Damenstaffel eigentlich schlagen ?<\/p>\n<div>Im dritten Staffelrennen der Saison gelang Synnoeve Solemdal ( sie wurde f\u00fcr die erk\u00e4ltete Karoline Knotten eingesetzt),Ingrid Tandrevold, Marte Olsbu und Schlussl\u00e4uferin Tiril Eckhoff auch der dritte \u00a0Staffelsieg vor 22.750 Zuschauern und ausverkauftem Haus in der Arena am Rennsteig von Oberhof, vor den Staffeln aus Schweden und Frankreich. Dieser Zieleinlauf wurde beim letzten Schie\u00dfen entschieden, bei dem Tiril Eckhoff sehr konzentriert zu Gange ging, als erste den Schie\u00dfstand verlie\u00df und den Staffelsieg f\u00fcr Norwegen nach Hause lief.<\/div>\n<div><\/div>\n<div>Ergebnisse 4 X 6 Km Damenstaffel, Oberhof:<\/div>\n<div><\/div>\n<div>1. Norwegen \u00a0 \u00a0 \u00a0 1.14.11, 6 Std.<\/div>\n<div>2. Schweden \u00a0 \u00a0 \u00a0+ 21,1 Sek.<\/div>\n<div>3. Frankreich \u00a0 \u00a0 \u00a0+ 33,1 Sek.<\/div>\n<div><\/div>\n<blockquote>\n<div>Tiril Eckhoff: Unser Konzept von Wechsel zu Wechsel immer weiter an die Spitze zu laufen ist heute voll aufgegangen. Ich war beim letzten Schie\u00dfen sehr konzentriert, und wusste wenn ich durchkomme, dann k\u00f6nnen wir auch hier gewinnen. Es war ein sehr spannendes Rennen, das zum Schluss mit dem Sieg f\u00fcr uns ausgegangen ist.\u201c<\/div>\n<\/blockquote>","protected":false},"excerpt":{"rendered":"<p>Wer will diese Norwegische Damenstaffel eigentlich schlagen ? Im dritten Staffelrennen der Saison gelang Synnoeve Solemdal ( sie wurde f\u00fcr die erk\u00e4ltete Karoline Knotten eingesetzt),Ingrid Tandrevold, Marte Olsbu und Schlussl\u00e4uferin Tiril Eckhoff auch der dritte \u00a0Staffelsieg vor 22.750 Zuschauern und ausverkauftem Haus in der Arena am Rennsteig von Oberhof, vor den Staffeln aus Schweden und [&hellip;]<\/p>","protected":false},"author":3,"featured_media":1146,"comment_status":"open","ping_status":"closed","sticky":false,"template":"","format":"standard","meta":{"footnotes":""},"categories":[3],"tags":[6],"class_list":["post-1145","post","type-post","status-publish","format-standard","has-post-thumbnail","hentry","category-news","tag-biathlon"],"_links":{"self":[{"href":"https:\/\/wintersport.news\/en\/wp-json\/wp\/v2\/posts\/1145","targetHints":{"allow":["GET"]}}],"collection":[{"href":"https:\/\/wintersport.news\/en\/wp-json\/wp\/v2\/posts"}],"about":[{"href":"https:\/\/wintersport.news\/en\/wp-json\/wp\/v2\/types\/post"}],"author":[{"embeddable":true,"href":"https:\/\/wintersport.news\/en\/wp-json\/wp\/v2\/users\/3"}],"replies":[{"embeddable":true,"href":"https:\/\/wintersport.news\/en\/wp-json\/wp\/v2\/comments?post=1145"}],"version-history":[{"count":1,"href":"https:\/\/wintersport.news\/en\/wp-json\/wp\/v2\/posts\/1145\/revisions"}],"predecessor-version":[{"id":1147,"href":"https:\/\/wintersport.news\/en\/wp-json\/wp\/v2\/posts\/1145\/revisions\/1147"}],"wp:featuredmedia":[{"embeddable":true,"href":"https:\/\/wintersport.news\/en\/wp-json\/wp\/v2\/media\/1146"}],"wp:attachment":[{"href":"https:\/\/wintersport.news\/en\/wp-json\/wp\/v2\/media?parent=1145"}],"wp:term":[{"taxonomy":"category","embeddable":true,"href":"https:\/\/wintersport.news\/en\/wp-json\/wp\/v2\/categories?post=1145"},{"taxonomy":"post_tag","embeddable":true,"href":"https:\/\/wintersport.news\/en\/wp-json\/wp\/v2\/tags?post=1145"}],"curies":[{"name":"wp","href":"https:\/\/api.w.org\/{rel}","templated":true}]}}